{"id":77228,"date":"2015-11-06T17:19:30","date_gmt":"2015-11-06T19:19:30","guid":{"rendered":"http:\/\/www.redenoticia.com.br\/noticia\/?p=77228"},"modified":"2015-11-06T17:19:30","modified_gmt":"2015-11-06T19:19:30","slug":"acsp-brasileiro-vai-presentear-e-viajar-menos-em-2015","status":"publish","type":"post","link":"https:\/\/www.redenoticia.com.br\/noticia\/2015\/acsp-brasileiro-vai-presentear-e-viajar-menos-em-2015\/77228","title":{"rendered":"ACSP: Brasileiro vai presentear e viajar menos em 2015"},"content":{"rendered":"<p>Neste ano, 41,2% dos brasileiros usar\u00e3o a primeira parcela do <em><strong>13\u00ba sal\u00e1rio<\/strong><\/em> para pagar d\u00edvidas, contra 28,9% no ano passado. Os que usar\u00e3o o benef\u00edcio para poupar somam 29,4%, sobre 20% em 2014. Os dados est\u00e3o em pesquisa da Associa\u00e7\u00e3o Comercial de S\u00e3o Paulo (ACSP) encomendada ao Instituto Ipsos.<\/p>\n<p>Assim, um universo de 70,6% dos consumidores optar\u00e1 por quitar d\u00edvidas ou guardar dinheiro &#8211; \u00e9 o maior contingente de cautelosos desde 2009, quando a pesquisa come\u00e7ou a ser feita. No ano passado essa parcela era de 48,9%.<\/p>\n<p>O levantamento foi feito em todo o Brasil entre os dias 15 e 29 de outubro.<\/p>\n<p>&#8220;O varejo vai enfrentar um consumidor extremamente cauteloso e disposto a pagar o que deve e poupar, ao inv\u00e9s de comprar&#8221;, frisa Alencar Burti, presidente da ACSP e da Federa\u00e7\u00e3o das Associa\u00e7\u00f5es Comerciais do Estado de S\u00e3o Paulo (Facesp).<\/p>\n<p>Para a ACSP, os 29,4% dos brasileiros que poupar\u00e3o a primeira parcela do 13\u00ba dever\u00e3o usar o dinheiro para pagar despesas do in\u00edcio do ano, como IPVA e IPTU, al\u00e9m de material e matricula escolares.<\/p>\n<p>A pesquisa informa que 8,8% usar\u00e3o o benef\u00edcio para comprar presentes, contra 20% em 2014. J\u00e1 5,9% v\u00e3o viajar (8,9% ano passado). E 2,9% reformar\u00e3o a casa (4,4% ano passado).<\/p>\n<p>Os dados sugerem um cen\u00e1rio desfavor\u00e1vel para o setor de supermercados, j\u00e1 que, no ano passado, 2,2% dos entrevistados responderam que comprariam alimentos para as festas de fim de ano &#8211; na pesquisa de 2015 esse item n\u00e3o pontuou.<\/p>\n<p>Mas h\u00e1 uma boa not\u00edcia para as lojas de vestu\u00e1rio, j\u00e1 que mais gente vai comprar roupa: 2,9% dos brasileiros ouvidos em 2015 pelo Instituto Ipsos para a pesquisa da ACSP revelaram que comprar\u00e3o roupas com o benef\u00edcio &#8211; em 2014 eram 2,2%.<\/p>\n<p>Por fim, os indecisos somam 11,8%, contra 17,8% no ano passado. A pesquisa foi feita com base em 1.200 entrevistas domiciliares e os consumidores puderam escolher mais de uma resposta.<\/p>\n<p>&#8220;O brasileiro vai comprar menos e viajar menos, mas talvez ele compre uma roupa nova para as festas de fim de ano&#8221;, comenta Alencar Burti. &#8220;O cen\u00e1rio \u00e9 de um consumidor mais cauteloso, mais inseguro no emprego e com uma situa\u00e7\u00e3o financeira ruim, o que se reflete na inten\u00e7\u00e3o de comprar e viajar&#8221;, avalia Burti. Ele completa que a piora da situa\u00e7\u00e3o financeira resulta do aumento da infla\u00e7\u00e3o de alimentos e tarifas p\u00fablicas (como luz e \u00e1gua), da queda da massa salarial e do encarecimento do cr\u00e9dito.<\/p>\n<p>Sobre a ACSP: A Associa\u00e7\u00e3o Comercial de S\u00e3o Paulo (ACSP), em seus 120 anos de hist\u00f3ria, \u00e9 considerada a voz do empreendedor paulistano. A institui\u00e7\u00e3o atua diretamente na defesa da livre iniciativa e, ao longo de sua trajet\u00f3ria, esteve sempre ao lado da pequena e m\u00e9dia empresa e dos profissionais liberais, contribuindo para o desenvolvimento do com\u00e9rcio, da ind\u00fastria e da presta\u00e7\u00e3o de servi\u00e7os. Al\u00e9m do seu pr\u00e9dio central, a ACSP disp\u00f5e de 15 Sedes Distritais, que mant\u00eam os associados informados sobre assuntos do seu interesse, promovem palestras e buscam solu\u00e7\u00f5es para os problemas de cada regi\u00e3o.<\/p>\n","protected":false},"excerpt":{"rendered":"<p>Neste ano, 41,2% dos brasileiros usar\u00e3o a primeira parcela do 13\u00ba sal\u00e1rio para pagar d\u00edvidas, contra 28,9% no ano passado. Os que usar\u00e3o o benef\u00edcio para poupar somam 29,4%, sobre 20% em 2014. Os dados est\u00e3o em pesquisa da Associa\u00e7\u00e3o Comercial de S\u00e3o Paulo (ACSP) encomendada ao Instituto Ipsos. Assim, um universo de 70,6% dos [&hellip;]<\/p>\n","protected":false},"author":2,"featured_media":34966,"comment_status":"open","ping_status":"closed","sticky":false,"template":"","format":"standard","meta":{"_genesis_hide_title":false,"_genesis_hide_breadcrumbs":false,"_genesis_hide_singular_image":false,"_genesis_hide_footer_widgets":false,"_genesis_custom_body_class":"","_genesis_custom_post_class":"","_genesis_layout":"","_jetpack_memberships_contains_paid_content":false,"footnotes":""},"categories":[22,7],"tags":[],"class_list":{"0":"post-77228","1":"post","2":"type-post","3":"status-publish","4":"format-standard","5":"has-post-thumbnail","7":"category-brasil","8":"category-economia","9":"entry","10":"gs-1","11":"gs-odd","12":"gs-even","13":"gs-featured-content-entry"},"jetpack_featured_media_url":"https:\/\/www.redenoticia.com.br\/noticia\/imagens\/fim-da-sacola-plastica.jpg","jetpack_sharing_enabled":true,"jetpack_likes_enabled":true,"_links":{"self":[{"href":"https:\/\/www.redenoticia.com.br\/noticia\/wp-json\/wp\/v2\/posts\/77228","targetHints":{"allow":["GET"]}}],"collection":[{"href":"https:\/\/www.redenoticia.com.br\/noticia\/wp-json\/wp\/v2\/posts"}],"about":[{"href":"https:\/\/www.redenoticia.com.br\/noticia\/wp-json\/wp\/v2\/types\/post"}],"author":[{"embeddable":true,"href":"https:\/\/www.redenoticia.com.br\/noticia\/wp-json\/wp\/v2\/users\/2"}],"replies":[{"embeddable":true,"href":"https:\/\/www.redenoticia.com.br\/noticia\/wp-json\/wp\/v2\/comments?post=77228"}],"version-history":[{"count":0,"href":"https:\/\/www.redenoticia.com.br\/noticia\/wp-json\/wp\/v2\/posts\/77228\/revisions"}],"wp:featuredmedia":[{"embeddable":true,"href":"https:\/\/www.redenoticia.com.br\/noticia\/wp-json\/wp\/v2\/media\/34966"}],"wp:attachment":[{"href":"https:\/\/www.redenoticia.com.br\/noticia\/wp-json\/wp\/v2\/media?parent=77228"}],"wp:term":[{"taxonomy":"category","embeddable":true,"href":"https:\/\/www.redenoticia.com.br\/noticia\/wp-json\/wp\/v2\/categories?post=77228"},{"taxonomy":"post_tag","embeddable":true,"href":"https:\/\/www.redenoticia.com.br\/noticia\/wp-json\/wp\/v2\/tags?post=77228"}],"curies":[{"name":"wp","href":"https:\/\/api.w.org\/{rel}","templated":true}]}}