{"id":77201,"date":"2015-11-05T20:42:02","date_gmt":"2015-11-05T22:42:02","guid":{"rendered":"http:\/\/www.redenoticia.com.br\/noticia\/?p=77201"},"modified":"2015-11-05T20:42:02","modified_gmt":"2015-11-05T22:42:02","slug":"tarifas-da-light-no-rio-de-janeiro-terao-reajuste-medio-de-1678","status":"publish","type":"post","link":"https:\/\/www.redenoticia.com.br\/noticia\/2015\/tarifas-da-light-no-rio-de-janeiro-terao-reajuste-medio-de-1678\/77201","title":{"rendered":"Tarifas da Light no Rio de Janeiro ter\u00e3o reajuste m\u00e9dio de 16,78%"},"content":{"rendered":"<p> A partir do dia 7 deste m\u00eas, a <strong><em>conta de luz<\/em><\/strong> de 3,7 milh\u00f5es de unidades consumidoras atendidas pela concession\u00e1ria Light Servi\u00e7os de Eletricidade, em 31 munic\u00edpios do Rio de Janeiro, incluindo a capital e grande parte da Baixada Fluminense, ter\u00e1 reajuste m\u00e9dio de 16,78%. Para os consumidores residenciais, o percentual ser\u00e1 15,99%.<\/p>\n<p>O reajuste tarif\u00e1rio foi aprovado pela Ag\u00eancia Nacional de Energia El\u00e9trica (Aneel) durante a Reuni\u00e3o P\u00fablica Extraordin\u00e1ria de Diretoria. Para os consumidores de alta tens\u00e3o, como \u00e9 o caso das ind\u00fastrias, o reajuste m\u00e9dio ser\u00e1 15,94%. Para os consumidores de baixa tens\u00e3o, como consumidores em \u00e1reas ruais e pequenos com\u00e9rcios, o aumento m\u00e9dio ser\u00e1 17,21%. Entre os clientes abastecidos em alta-tens\u00e3o, os percentuais v\u00e3o variar entre 11,10% e 20,07%.<\/p>\n<p>Segundo a Aneel, o c\u00e1lculo do reajuste leva em conta a aquisi\u00e7\u00e3o e a transmiss\u00e3o de energia el\u00e9trica e tamb\u00e9m os encargos setoriais. De acordo com a Light, para a defini\u00e7\u00e3o dos percentuais foram levados em considera\u00e7\u00e3o a infla\u00e7\u00e3o registrada nos \u00faltimos 12 meses, os efeitos da escassez h\u00eddrica sobre o custo da energia comprada e a varia\u00e7\u00e3o dos encargos setoriais, em especial, da Conta de Desenvolvimento Energ\u00e9tico (CDE). Al\u00e9m disso, foi observada a varia\u00e7\u00e3o cambial, porque a compra de energia de Itaipu, cotada em d\u00f3lar, \u00e9 o principal efeito sobre as despesas da empresa, o que equivale a 17% da energia comprada pela empresa.<\/p>\n<p>Os reajustes fazem parte dos contratos de concess\u00e3o e servem para a concession\u00e1ria corrigir a receita alcan\u00e7ada por meio das tarifas praticadas, que s\u00e3o compostas por duas partes. Uma [Parcela A] referente aos custos n\u00e3o gerenci\u00e1veis pela empresa, como encargos setoriais, encargos de transmiss\u00e3o e compra de energia para revenda; e a outra [Parcela B], relativa \u00e0s despesas com opera\u00e7\u00e3o, manuten\u00e7\u00e3o e de capital, todas associadas \u00e0s redes da Light.<\/p>\n<p>Segundo a Light, neste ano, os aumentos somam 56%, sendo que a companhia fica com 1,9% [Parcela B] e os 54,1% restantes s\u00e3o repassados aos geradores, transmissores e ao governo federal em forma de custos n\u00e3o gerenci\u00e1veis de energia. <\/p>\n<p>Mich\u00e8lle Canes e Cristina Indio do Brasil &#8211; Rep\u00f3rteres da Ag\u00eancia Brasil<br \/>\nEdi\u00e7\u00e3o: F\u00e1bio Massalli<br \/>\n06\/11\/2015<\/p>\n","protected":false},"excerpt":{"rendered":"<p>A partir do dia 7 deste m\u00eas, a conta de luz de 3,7 milh\u00f5es de unidades consumidoras atendidas pela concession\u00e1ria Light Servi\u00e7os de Eletricidade, em 31 munic\u00edpios do Rio de Janeiro, incluindo a capital e grande parte da Baixada Fluminense, ter\u00e1 reajuste m\u00e9dio de 16,78%. Para os consumidores residenciais, o percentual ser\u00e1 15,99%. O reajuste [&hellip;]<\/p>\n","protected":false},"author":2,"featured_media":57582,"comment_status":"open","ping_status":"closed","sticky":false,"template":"","format":"standard","meta":{"_genesis_hide_title":false,"_genesis_hide_breadcrumbs":false,"_genesis_hide_singular_image":false,"_genesis_hide_footer_widgets":false,"_genesis_custom_body_class":"","_genesis_custom_post_class":"","_genesis_layout":"","_jetpack_memberships_contains_paid_content":false,"footnotes":""},"categories":[22,7],"tags":[],"class_list":{"0":"post-77201","1":"post","2":"type-post","3":"status-publish","4":"format-standard","5":"has-post-thumbnail","7":"category-brasil","8":"category-economia","9":"entry","10":"gs-1","11":"gs-odd","12":"gs-even","13":"gs-featured-content-entry"},"jetpack_featured_media_url":"https:\/\/www.redenoticia.com.br\/noticia\/imagens\/grafico1.jpg","jetpack_sharing_enabled":true,"jetpack_likes_enabled":true,"_links":{"self":[{"href":"https:\/\/www.redenoticia.com.br\/noticia\/wp-json\/wp\/v2\/posts\/77201","targetHints":{"allow":["GET"]}}],"collection":[{"href":"https:\/\/www.redenoticia.com.br\/noticia\/wp-json\/wp\/v2\/posts"}],"about":[{"href":"https:\/\/www.redenoticia.com.br\/noticia\/wp-json\/wp\/v2\/types\/post"}],"author":[{"embeddable":true,"href":"https:\/\/www.redenoticia.com.br\/noticia\/wp-json\/wp\/v2\/users\/2"}],"replies":[{"embeddable":true,"href":"https:\/\/www.redenoticia.com.br\/noticia\/wp-json\/wp\/v2\/comments?post=77201"}],"version-history":[{"count":0,"href":"https:\/\/www.redenoticia.com.br\/noticia\/wp-json\/wp\/v2\/posts\/77201\/revisions"}],"wp:featuredmedia":[{"embeddable":true,"href":"https:\/\/www.redenoticia.com.br\/noticia\/wp-json\/wp\/v2\/media\/57582"}],"wp:attachment":[{"href":"https:\/\/www.redenoticia.com.br\/noticia\/wp-json\/wp\/v2\/media?parent=77201"}],"wp:term":[{"taxonomy":"category","embeddable":true,"href":"https:\/\/www.redenoticia.com.br\/noticia\/wp-json\/wp\/v2\/categories?post=77201"},{"taxonomy":"post_tag","embeddable":true,"href":"https:\/\/www.redenoticia.com.br\/noticia\/wp-json\/wp\/v2\/tags?post=77201"}],"curies":[{"name":"wp","href":"https:\/\/api.w.org\/{rel}","templated":true}]}}