{"id":77199,"date":"2015-11-05T20:33:25","date_gmt":"2015-11-05T22:33:25","guid":{"rendered":"http:\/\/www.redenoticia.com.br\/noticia\/?p=77199"},"modified":"2015-11-05T20:33:25","modified_gmt":"2015-11-05T22:33:25","slug":"inflacao-medida-pelo-ipc-tem-alta-de-088-em-sao-paulo","status":"publish","type":"post","link":"https:\/\/www.redenoticia.com.br\/noticia\/2015\/inflacao-medida-pelo-ipc-tem-alta-de-088-em-sao-paulo\/77199","title":{"rendered":"Infla\u00e7\u00e3o medida pelo IPC tem alta de 0,88% em S\u00e3o Paulo"},"content":{"rendered":"<p> O <strong><em>\u00cdndice de Pre\u00e7os ao Consumidor<\/em><\/strong> (IPC), medido pela Funda\u00e7\u00e3o Instituto de Pesquisas Econ\u00f4micas (Fipe), na cidade de S\u00e3o Paulo, registra em outubro alta de 0,88% \u2013 varia\u00e7\u00e3o acima da registrada no fechamento de setembro (0,66%). No acumulado desde janeiro, o IPC atingiu 9,01% e, de outubro do ano passado at\u00e9 o mesmo m\u00eas deste ano, a taxa alcan\u00e7ou 10,5%.<\/p>\n<p>Os pre\u00e7os subiram com mais intensidade em quatro dos sete grupos pesquisados, com destaque para alimenta\u00e7\u00e3o, que passou de uma queda de 0,04% para uma alta de 1,31%. Em transportes, o \u00edndice atingiu 1,55% sobre uma alta de 0,14% em setembro. No grupo sa\u00fade, a taxa aumentou de 0,78% para 0,82% e em vestu\u00e1rio, de 0,52% para 0,62%.<\/p>\n<p>J\u00e1 o grupo habita\u00e7\u00e3o, que no m\u00eas passado foi o que mais comprimiu o or\u00e7amento dom\u00e9stico, registrou decr\u00e9scimo com o \u00edndice passando de 1,38% para 0,35%. Houve tamb\u00e9m redu\u00e7\u00e3o no ritmo de corre\u00e7\u00f5es dos dois grupos restantes: despesas pessoais, em que a varia\u00e7\u00e3o alcan\u00e7ou 0,91% depois de ter registrado 0,99%, no m\u00eas anterior; e, em educa\u00e7\u00e3o, de 0,29% para 0,21%.<\/p>\n<p>Marli Moreira &#8211; Rep\u00f3rter da Ag\u00eancia Brasil<br \/>\nEdi\u00e7\u00e3o: Talita Cavalcante<br \/>\n05\/11\/2015<\/p>\n","protected":false},"excerpt":{"rendered":"<p>O \u00cdndice de Pre\u00e7os ao Consumidor (IPC), medido pela Funda\u00e7\u00e3o Instituto de Pesquisas Econ\u00f4micas (Fipe), na cidade de S\u00e3o Paulo, registra em outubro alta de 0,88% \u2013 varia\u00e7\u00e3o acima da registrada no fechamento de setembro (0,66%). No acumulado desde janeiro, o IPC atingiu 9,01% e, de outubro do ano passado at\u00e9 o mesmo m\u00eas deste [&hellip;]<\/p>\n","protected":false},"author":2,"featured_media":57584,"comment_status":"open","ping_status":"closed","sticky":false,"template":"","format":"standard","meta":{"_genesis_hide_title":false,"_genesis_hide_breadcrumbs":false,"_genesis_hide_singular_image":false,"_genesis_hide_footer_widgets":false,"_genesis_custom_body_class":"","_genesis_custom_post_class":"","_genesis_layout":"","_jetpack_memberships_contains_paid_content":false,"footnotes":""},"categories":[22,7],"tags":[],"class_list":{"0":"post-77199","1":"post","2":"type-post","3":"status-publish","4":"format-standard","5":"has-post-thumbnail","7":"category-brasil","8":"category-economia","9":"entry","10":"gs-1","11":"gs-odd","12":"gs-even","13":"gs-featured-content-entry"},"jetpack_featured_media_url":"https:\/\/www.redenoticia.com.br\/noticia\/imagens\/economia-grafica-analise-inflacao.jpg","jetpack_sharing_enabled":true,"jetpack_likes_enabled":true,"_links":{"self":[{"href":"https:\/\/www.redenoticia.com.br\/noticia\/wp-json\/wp\/v2\/posts\/77199","targetHints":{"allow":["GET"]}}],"collection":[{"href":"https:\/\/www.redenoticia.com.br\/noticia\/wp-json\/wp\/v2\/posts"}],"about":[{"href":"https:\/\/www.redenoticia.com.br\/noticia\/wp-json\/wp\/v2\/types\/post"}],"author":[{"embeddable":true,"href":"https:\/\/www.redenoticia.com.br\/noticia\/wp-json\/wp\/v2\/users\/2"}],"replies":[{"embeddable":true,"href":"https:\/\/www.redenoticia.com.br\/noticia\/wp-json\/wp\/v2\/comments?post=77199"}],"version-history":[{"count":0,"href":"https:\/\/www.redenoticia.com.br\/noticia\/wp-json\/wp\/v2\/posts\/77199\/revisions"}],"wp:featuredmedia":[{"embeddable":true,"href":"https:\/\/www.redenoticia.com.br\/noticia\/wp-json\/wp\/v2\/media\/57584"}],"wp:attachment":[{"href":"https:\/\/www.redenoticia.com.br\/noticia\/wp-json\/wp\/v2\/media?parent=77199"}],"wp:term":[{"taxonomy":"category","embeddable":true,"href":"https:\/\/www.redenoticia.com.br\/noticia\/wp-json\/wp\/v2\/categories?post=77199"},{"taxonomy":"post_tag","embeddable":true,"href":"https:\/\/www.redenoticia.com.br\/noticia\/wp-json\/wp\/v2\/tags?post=77199"}],"curies":[{"name":"wp","href":"https:\/\/api.w.org\/{rel}","templated":true}]}}