{"id":77154,"date":"2015-11-04T17:42:23","date_gmt":"2015-11-04T19:42:23","guid":{"rendered":"http:\/\/www.redenoticia.com.br\/noticia\/?p=77154"},"modified":"2015-11-04T17:42:23","modified_gmt":"2015-11-04T19:42:23","slug":"saidas-de-dolares-do-pais-superam-entradas-em-us-35-bilhoes-em-outubro","status":"publish","type":"post","link":"https:\/\/www.redenoticia.com.br\/noticia\/2015\/saidas-de-dolares-do-pais-superam-entradas-em-us-35-bilhoes-em-outubro\/77154","title":{"rendered":"Sa\u00eddas de d\u00f3lares do pa\u00eds superam entradas em US$ 3,5 bilh\u00f5es em outubro"},"content":{"rendered":"<p>O saldo da entrada e sa\u00edda de d\u00f3lares do pa\u00eds, o <strong><em>fluxo cambial<\/em><\/strong>, ficou negativo em US$ 3,5 bilh\u00f5es em outubro, de acordo com n\u00fameros divulgados pelo Banco Central. A maior parte do saldo negativo vem do segmento financeiro (investimentos em t\u00edtulos, remessas de lucros e dividendos ao exterior e investimentos estrangeiros diretos, entre outras opera\u00e7\u00f5es), com sa\u00eddas maiores que as entradas em US$ 3,263 bilh\u00f5es.<\/p>\n<p>O segmento comercial (opera\u00e7\u00f5es de c\u00e2mbio relacionadas a exporta\u00e7\u00f5es e importa\u00e7\u00f5es) registrou saldo negativo de US$ 237 milh\u00f5es.<\/p>\n<p>De janeiro a outubro, o saldo do fluxo cambial est\u00e1 positivo em US$ 7,665 bilh\u00f5es. No per\u00edodo, o fluxo financeiro registrou saldo negativo US$ 9,506 bilh\u00f5es e o comercial ficou positivo em US$ 17,171 bilh\u00f5es.<\/p>\n<p>Daniel Lima &#8211; Rep\u00f3rter da Ag\u00eancia Brasil<br \/>\nEdi\u00e7\u00e3o: Juliana Andrade<br \/>\n04\/11\/2015<br \/>\n&#8212;<br \/>\nA Empresa Brasil de Comunica\u00e7\u00e3o \u00e9 uma institui\u00e7\u00e3o da democracia brasileira: p\u00fablica, inclusiva e cidad\u00e3. Criada em 2007 para fortalecer o sistema p\u00fablico de comunica\u00e7\u00e3o, \u00e9 gestora dos canais TV Brasil, TV Brasil Internacional, Ag\u00eancia Brasil, Radioag\u00eancia Nacional e do sistema p\u00fablico de R\u00e1dio \u2013 composto por oito emissoras. Estes, por sua independ\u00eancia editorial, distinguem-se dos canais estatais ou governamentais, com conte\u00fados diferenciados e complementares aos canais privados. Os ve\u00edculos da EBC t\u00eam autonomia para definir produ\u00e7\u00e3o, programa\u00e7\u00e3o e distribui\u00e7\u00e3o de conte\u00fados.<\/p>\n","protected":false},"excerpt":{"rendered":"<p>O saldo da entrada e sa\u00edda de d\u00f3lares do pa\u00eds, o fluxo cambial, ficou negativo em US$ 3,5 bilh\u00f5es em outubro, de acordo com n\u00fameros divulgados pelo Banco Central. A maior parte do saldo negativo vem do segmento financeiro (investimentos em t\u00edtulos, remessas de lucros e dividendos ao exterior e investimentos estrangeiros diretos, entre outras [&hellip;]<\/p>\n","protected":false},"author":2,"featured_media":40734,"comment_status":"open","ping_status":"closed","sticky":false,"template":"","format":"standard","meta":{"_genesis_hide_title":false,"_genesis_hide_breadcrumbs":false,"_genesis_hide_singular_image":false,"_genesis_hide_footer_widgets":false,"_genesis_custom_body_class":"","_genesis_custom_post_class":"","_genesis_layout":"","_jetpack_memberships_contains_paid_content":false,"footnotes":""},"categories":[22,7],"tags":[],"class_list":{"0":"post-77154","1":"post","2":"type-post","3":"status-publish","4":"format-standard","5":"has-post-thumbnail","7":"category-brasil","8":"category-economia","9":"entry","10":"gs-1","11":"gs-odd","12":"gs-even","13":"gs-featured-content-entry"},"jetpack_featured_media_url":"https:\/\/www.redenoticia.com.br\/noticia\/imagens\/economia-resultados.jpg","jetpack_sharing_enabled":true,"jetpack_likes_enabled":true,"_links":{"self":[{"href":"https:\/\/www.redenoticia.com.br\/noticia\/wp-json\/wp\/v2\/posts\/77154","targetHints":{"allow":["GET"]}}],"collection":[{"href":"https:\/\/www.redenoticia.com.br\/noticia\/wp-json\/wp\/v2\/posts"}],"about":[{"href":"https:\/\/www.redenoticia.com.br\/noticia\/wp-json\/wp\/v2\/types\/post"}],"author":[{"embeddable":true,"href":"https:\/\/www.redenoticia.com.br\/noticia\/wp-json\/wp\/v2\/users\/2"}],"replies":[{"embeddable":true,"href":"https:\/\/www.redenoticia.com.br\/noticia\/wp-json\/wp\/v2\/comments?post=77154"}],"version-history":[{"count":0,"href":"https:\/\/www.redenoticia.com.br\/noticia\/wp-json\/wp\/v2\/posts\/77154\/revisions"}],"wp:featuredmedia":[{"embeddable":true,"href":"https:\/\/www.redenoticia.com.br\/noticia\/wp-json\/wp\/v2\/media\/40734"}],"wp:attachment":[{"href":"https:\/\/www.redenoticia.com.br\/noticia\/wp-json\/wp\/v2\/media?parent=77154"}],"wp:term":[{"taxonomy":"category","embeddable":true,"href":"https:\/\/www.redenoticia.com.br\/noticia\/wp-json\/wp\/v2\/categories?post=77154"},{"taxonomy":"post_tag","embeddable":true,"href":"https:\/\/www.redenoticia.com.br\/noticia\/wp-json\/wp\/v2\/tags?post=77154"}],"curies":[{"name":"wp","href":"https:\/\/api.w.org\/{rel}","templated":true}]}}