{"id":77152,"date":"2015-11-04T17:41:12","date_gmt":"2015-11-04T19:41:12","guid":{"rendered":"http:\/\/www.redenoticia.com.br\/noticia\/?p=77152"},"modified":"2015-11-04T17:41:12","modified_gmt":"2015-11-04T19:41:12","slug":"cai-a-taxa-de-retorno-dos-investimentos-em-imoveis-comerciais","status":"publish","type":"post","link":"https:\/\/www.redenoticia.com.br\/noticia\/2015\/cai-a-taxa-de-retorno-dos-investimentos-em-imoveis-comerciais\/77152","title":{"rendered":"Cai a taxa de retorno dos investimentos em im\u00f3veis comerciais"},"content":{"rendered":"<p>O <strong><em>\u00cdndice Geral do Mercado Imobili\u00e1rio \u2013 Comercial<\/em><\/strong> (IGMIC-C) voltou a cair pela terceira vez seguida, no terceiro trimestre deste ano, ao atingir 2,48%. A taxa correspondente \u00e0 renda passou de 2,2% (no segundo trimestre) para 2,1% e a taxa sobre o capital, de 0,7% para 0,4%. Os dados s\u00e3o da pesquisa do Instituto Brasileiro de Economia (Ibre) da Funda\u00e7\u00e3o Getulio Vargas (FGV), feita com base em 678 im\u00f3veis.<\/p>\n<p>De acordo com a FGV, essas varia\u00e7\u00f5es refletem o desaquecimento da economia. \u201cA recess\u00e3o econ\u00f4mica iniciada no segundo trimestre de 2014 tem como resultado um claro efeito negativo sobre a rentabilidade dos im\u00f3veis comerciais\u201d, diz a nota t\u00e9cnica.<\/p>\n<p>Na compara\u00e7\u00e3o anual, as taxas vem registrando recuos desde o final de 2013. Em rela\u00e7\u00e3o ao retorno da renda, a taxa \u2013 que oscilou 9,7%, no terceiro trimestre do ano passado, passou para 9,17%, enquanto o \u00edndice relativo ao capital, baixou de 5,3% para 2,6%.<\/p>\n<p>Marli Moreira &#8211; Rep\u00f3rter da Ag\u00eancia Brasil<br \/>\nEdi\u00e7\u00e3o: Jos\u00e9 Romildo<br \/>\n04\/11\/2015<br \/>\n&#8212;<br \/>\nA Empresa Brasil de Comunica\u00e7\u00e3o \u00e9 uma institui\u00e7\u00e3o da democracia brasileira: p\u00fablica, inclusiva e cidad\u00e3. Criada em 2007 para fortalecer o sistema p\u00fablico de comunica\u00e7\u00e3o, \u00e9 gestora dos canais TV Brasil, TV Brasil Internacional, Ag\u00eancia Brasil, Radioag\u00eancia Nacional e do sistema p\u00fablico de R\u00e1dio \u2013 composto por oito emissoras. Estes, por sua independ\u00eancia editorial, distinguem-se dos canais estatais ou governamentais, com conte\u00fados diferenciados e complementares aos canais privados. Os ve\u00edculos da EBC t\u00eam autonomia para definir produ\u00e7\u00e3o, programa\u00e7\u00e3o e distribui\u00e7\u00e3o de conte\u00fados.<\/p>\n","protected":false},"excerpt":{"rendered":"<p>O \u00cdndice Geral do Mercado Imobili\u00e1rio \u2013 Comercial (IGMIC-C) voltou a cair pela terceira vez seguida, no terceiro trimestre deste ano, ao atingir 2,48%. A taxa correspondente \u00e0 renda passou de 2,2% (no segundo trimestre) para 2,1% e a taxa sobre o capital, de 0,7% para 0,4%. Os dados s\u00e3o da pesquisa do Instituto Brasileiro [&hellip;]<\/p>\n","protected":false},"author":2,"featured_media":57583,"comment_status":"open","ping_status":"closed","sticky":false,"template":"","format":"standard","meta":{"_genesis_hide_title":false,"_genesis_hide_breadcrumbs":false,"_genesis_hide_singular_image":false,"_genesis_hide_footer_widgets":false,"_genesis_custom_body_class":"","_genesis_custom_post_class":"","_genesis_layout":"","_jetpack_memberships_contains_paid_content":false,"footnotes":""},"categories":[22,7],"tags":[],"class_list":{"0":"post-77152","1":"post","2":"type-post","3":"status-publish","4":"format-standard","5":"has-post-thumbnail","7":"category-brasil","8":"category-economia","9":"entry","10":"gs-1","11":"gs-odd","12":"gs-even","13":"gs-featured-content-entry"},"jetpack_featured_media_url":"https:\/\/www.redenoticia.com.br\/noticia\/imagens\/economia-grafico.jpg","jetpack_sharing_enabled":true,"jetpack_likes_enabled":true,"_links":{"self":[{"href":"https:\/\/www.redenoticia.com.br\/noticia\/wp-json\/wp\/v2\/posts\/77152","targetHints":{"allow":["GET"]}}],"collection":[{"href":"https:\/\/www.redenoticia.com.br\/noticia\/wp-json\/wp\/v2\/posts"}],"about":[{"href":"https:\/\/www.redenoticia.com.br\/noticia\/wp-json\/wp\/v2\/types\/post"}],"author":[{"embeddable":true,"href":"https:\/\/www.redenoticia.com.br\/noticia\/wp-json\/wp\/v2\/users\/2"}],"replies":[{"embeddable":true,"href":"https:\/\/www.redenoticia.com.br\/noticia\/wp-json\/wp\/v2\/comments?post=77152"}],"version-history":[{"count":0,"href":"https:\/\/www.redenoticia.com.br\/noticia\/wp-json\/wp\/v2\/posts\/77152\/revisions"}],"wp:featuredmedia":[{"embeddable":true,"href":"https:\/\/www.redenoticia.com.br\/noticia\/wp-json\/wp\/v2\/media\/57583"}],"wp:attachment":[{"href":"https:\/\/www.redenoticia.com.br\/noticia\/wp-json\/wp\/v2\/media?parent=77152"}],"wp:term":[{"taxonomy":"category","embeddable":true,"href":"https:\/\/www.redenoticia.com.br\/noticia\/wp-json\/wp\/v2\/categories?post=77152"},{"taxonomy":"post_tag","embeddable":true,"href":"https:\/\/www.redenoticia.com.br\/noticia\/wp-json\/wp\/v2\/tags?post=77152"}],"curies":[{"name":"wp","href":"https:\/\/api.w.org\/{rel}","templated":true}]}}