{"id":77150,"date":"2015-11-04T17:39:13","date_gmt":"2015-11-04T19:39:13","guid":{"rendered":"http:\/\/www.redenoticia.com.br\/noticia\/?p=77150"},"modified":"2015-11-04T17:39:13","modified_gmt":"2015-11-04T19:39:13","slug":"queda-na-producao-de-veiculos-influencia-resultado-da-industria-em-setembro","status":"publish","type":"post","link":"https:\/\/www.redenoticia.com.br\/noticia\/2015\/queda-na-producao-de-veiculos-influencia-resultado-da-industria-em-setembro\/77150","title":{"rendered":"Queda na produ\u00e7\u00e3o de ve\u00edculos influencia resultado da ind\u00fastria em setembro"},"content":{"rendered":"<p>A queda de 6,7% na <strong><em>produ\u00e7\u00e3o de ve\u00edculos<\/em><\/strong> automotores de agosto para setembro foi o fator que mais influenciou o recuo de 1,3% na ind\u00fastria brasileira no per\u00edodo. O segmento j\u00e1 havia registrado queda de 9,8% em agosto, segundo dados da Pesquisa Industrial Mensal divulgada pelo Instituto Brasileiro de Geografia e Estat\u00edstica (IBGE). Na compara\u00e7\u00e3o com setembro de 2014, a queda na produ\u00e7\u00e3o industrial chega a 10,9%.<\/p>\n<p>Quinze dos 24 setores pesquisados pelo IBGE tiveram queda em setembro, na compara\u00e7\u00e3o com o m\u00eas anterior. As outras tr\u00eas principais influ\u00eancias para o resultado negativo da ind\u00fastria vieram das m\u00e1quinas e equipamentos (-4,5%), metalurgia (-3,1%) e vestu\u00e1rio e acess\u00f3rios (-4,2%).<\/p>\n<p>Tamb\u00e9m apresentaram quedas importantes os setores de produtos aliment\u00edcios (-0,5%), celulose e papel (-1,9%) e borracha e pl\u00e1stico (-1,6%).<\/p>\n<p>Por outro lado, oito setores registraram alta na produ\u00e7\u00e3o, com destaque para os produtos derivados de petr\u00f3leo e biocombust\u00edveis (3,5%), ind\u00fastrias extrativas (1%) e inform\u00e1tica, produtos eletr\u00f4nicos e \u00f3pticos (4%).<\/p>\n<p>Vitor Abdala \u2013 Rep\u00f3rter da Ag\u00eancia Brasil<br \/>\nEdi\u00e7\u00e3o: Denise Griesinger<br \/>\n04\/11\/2015<br \/>\n&#8212;<br \/>\nA Empresa Brasil de Comunica\u00e7\u00e3o \u00e9 uma institui\u00e7\u00e3o da democracia brasileira: p\u00fablica, inclusiva e cidad\u00e3. Criada em 2007 para fortalecer o sistema p\u00fablico de comunica\u00e7\u00e3o, \u00e9 gestora dos canais TV Brasil, TV Brasil Internacional, Ag\u00eancia Brasil, Radioag\u00eancia Nacional e do sistema p\u00fablico de R\u00e1dio \u2013 composto por oito emissoras. Estes, por sua independ\u00eancia editorial, distinguem-se dos canais estatais ou governamentais, com conte\u00fados diferenciados e complementares aos canais privados. Os ve\u00edculos da EBC t\u00eam autonomia para definir produ\u00e7\u00e3o, programa\u00e7\u00e3o e distribui\u00e7\u00e3o de conte\u00fados.<\/p>\n","protected":false},"excerpt":{"rendered":"<p>A queda de 6,7% na produ\u00e7\u00e3o de ve\u00edculos automotores de agosto para setembro foi o fator que mais influenciou o recuo de 1,3% na ind\u00fastria brasileira no per\u00edodo. O segmento j\u00e1 havia registrado queda de 9,8% em agosto, segundo dados da Pesquisa Industrial Mensal divulgada pelo Instituto Brasileiro de Geografia e Estat\u00edstica (IBGE). Na compara\u00e7\u00e3o [&hellip;]<\/p>\n","protected":false},"author":2,"featured_media":35207,"comment_status":"open","ping_status":"closed","sticky":false,"template":"","format":"standard","meta":{"_genesis_hide_title":false,"_genesis_hide_breadcrumbs":false,"_genesis_hide_singular_image":false,"_genesis_hide_footer_widgets":false,"_genesis_custom_body_class":"","_genesis_custom_post_class":"","_genesis_layout":"","_jetpack_memberships_contains_paid_content":false,"footnotes":""},"categories":[22,7],"tags":[],"class_list":{"0":"post-77150","1":"post","2":"type-post","3":"status-publish","4":"format-standard","5":"has-post-thumbnail","7":"category-brasil","8":"category-economia","9":"entry","10":"gs-1","11":"gs-odd","12":"gs-even","13":"gs-featured-content-entry"},"jetpack_featured_media_url":"https:\/\/www.redenoticia.com.br\/noticia\/imagens\/transito-estradas.jpg","jetpack_sharing_enabled":true,"jetpack_likes_enabled":true,"_links":{"self":[{"href":"https:\/\/www.redenoticia.com.br\/noticia\/wp-json\/wp\/v2\/posts\/77150","targetHints":{"allow":["GET"]}}],"collection":[{"href":"https:\/\/www.redenoticia.com.br\/noticia\/wp-json\/wp\/v2\/posts"}],"about":[{"href":"https:\/\/www.redenoticia.com.br\/noticia\/wp-json\/wp\/v2\/types\/post"}],"author":[{"embeddable":true,"href":"https:\/\/www.redenoticia.com.br\/noticia\/wp-json\/wp\/v2\/users\/2"}],"replies":[{"embeddable":true,"href":"https:\/\/www.redenoticia.com.br\/noticia\/wp-json\/wp\/v2\/comments?post=77150"}],"version-history":[{"count":0,"href":"https:\/\/www.redenoticia.com.br\/noticia\/wp-json\/wp\/v2\/posts\/77150\/revisions"}],"wp:featuredmedia":[{"embeddable":true,"href":"https:\/\/www.redenoticia.com.br\/noticia\/wp-json\/wp\/v2\/media\/35207"}],"wp:attachment":[{"href":"https:\/\/www.redenoticia.com.br\/noticia\/wp-json\/wp\/v2\/media?parent=77150"}],"wp:term":[{"taxonomy":"category","embeddable":true,"href":"https:\/\/www.redenoticia.com.br\/noticia\/wp-json\/wp\/v2\/categories?post=77150"},{"taxonomy":"post_tag","embeddable":true,"href":"https:\/\/www.redenoticia.com.br\/noticia\/wp-json\/wp\/v2\/tags?post=77150"}],"curies":[{"name":"wp","href":"https:\/\/api.w.org\/{rel}","templated":true}]}}