{"id":77142,"date":"2015-11-04T17:43:41","date_gmt":"2015-11-04T19:43:41","guid":{"rendered":"http:\/\/www.redenoticia.com.br\/noticia\/?p=77142"},"modified":"2015-11-04T17:43:41","modified_gmt":"2015-11-04T19:43:41","slug":"ipc-s-avanca-em-sete-capitais-em-outubro-informa-fgv","status":"publish","type":"post","link":"https:\/\/www.redenoticia.com.br\/noticia\/2015\/ipc-s-avanca-em-sete-capitais-em-outubro-informa-fgv\/77142","title":{"rendered":"IPC-S avan\u00e7a em sete capitais em outubro, informa FGV"},"content":{"rendered":"<p>A <strong><em>infla\u00e7\u00e3o<\/em><\/strong> medida pelo \u00cdndice de Pre\u00e7os ao Consumidor Semanal cresceu nas sete capitais pesquisadas pela Funda\u00e7\u00e3o Getulio Vargas (FGV), em outubro deste ano. A maior alta foi observada em Salvador: 0,48 ponto percentual. Passou de 0,3% em setembro para 0,78% em outubro.<\/p>\n<p>A segunda maior alta foi em Belo Horizonte (0,45 ponto percentual, ao passar de 0,27% para 0,72%). Outra cidade que teve alta superior \u00e0 m\u00e9dia nacional de 0,35 ponto percentual foi S\u00e3o Paulo (0,38 ponto percentual, ao passar de 0,37% para 0,75%).<\/p>\n<p>As demais cidades tiveram as seguintes altas: Porto Alegre (0,34 ponto percentual, ao passar de 0,56% para 0,9%), Rio de Janeiro (0,31 ponto percentual, ao passar de 0,15% para 0,46%), Bras\u00edlia (0,22 ponto percentual, ao passar de 1,24% para 1,46%) e Recife (0,09 ponto percentual, ao passar de 0,41% para 0,5%).<\/p>\n<p>Vitor Abdala &#8211; Rep\u00f3rter da Ag\u00eancia Brasil<br \/>\nEdi\u00e7\u00e3o: Jos\u00e9 Romildo<br \/>\n04\/11\/2015<br \/>\n&#8212;<br \/>\nA Empresa Brasil de Comunica\u00e7\u00e3o \u00e9 uma institui\u00e7\u00e3o da democracia brasileira: p\u00fablica, inclusiva e cidad\u00e3. Criada em 2007 para fortalecer o sistema p\u00fablico de comunica\u00e7\u00e3o, \u00e9 gestora dos canais TV Brasil, TV Brasil Internacional, Ag\u00eancia Brasil, Radioag\u00eancia Nacional e do sistema p\u00fablico de R\u00e1dio \u2013 composto por oito emissoras. Estes, por sua independ\u00eancia editorial, distinguem-se dos canais estatais ou governamentais, com conte\u00fados diferenciados e complementares aos canais privados. Os ve\u00edculos da EBC t\u00eam autonomia para definir produ\u00e7\u00e3o, programa\u00e7\u00e3o e distribui\u00e7\u00e3o de conte\u00fados.<\/p>\n","protected":false},"excerpt":{"rendered":"<p>A infla\u00e7\u00e3o medida pelo \u00cdndice de Pre\u00e7os ao Consumidor Semanal cresceu nas sete capitais pesquisadas pela Funda\u00e7\u00e3o Getulio Vargas (FGV), em outubro deste ano. A maior alta foi observada em Salvador: 0,48 ponto percentual. Passou de 0,3% em setembro para 0,78% em outubro. A segunda maior alta foi em Belo Horizonte (0,45 ponto percentual, ao [&hellip;]<\/p>\n","protected":false},"author":2,"featured_media":34916,"comment_status":"open","ping_status":"closed","sticky":false,"template":"","format":"standard","meta":{"_genesis_hide_title":false,"_genesis_hide_breadcrumbs":false,"_genesis_hide_singular_image":false,"_genesis_hide_footer_widgets":false,"_genesis_custom_body_class":"","_genesis_custom_post_class":"","_genesis_layout":"","_jetpack_memberships_contains_paid_content":false,"footnotes":""},"categories":[22,7],"tags":[],"class_list":{"0":"post-77142","1":"post","2":"type-post","3":"status-publish","4":"format-standard","5":"has-post-thumbnail","7":"category-brasil","8":"category-economia","9":"entry","10":"gs-1","11":"gs-odd","12":"gs-even","13":"gs-featured-content-entry"},"jetpack_featured_media_url":"https:\/\/www.redenoticia.com.br\/noticia\/imagens\/inflacao.jpg","jetpack_sharing_enabled":true,"jetpack_likes_enabled":true,"_links":{"self":[{"href":"https:\/\/www.redenoticia.com.br\/noticia\/wp-json\/wp\/v2\/posts\/77142","targetHints":{"allow":["GET"]}}],"collection":[{"href":"https:\/\/www.redenoticia.com.br\/noticia\/wp-json\/wp\/v2\/posts"}],"about":[{"href":"https:\/\/www.redenoticia.com.br\/noticia\/wp-json\/wp\/v2\/types\/post"}],"author":[{"embeddable":true,"href":"https:\/\/www.redenoticia.com.br\/noticia\/wp-json\/wp\/v2\/users\/2"}],"replies":[{"embeddable":true,"href":"https:\/\/www.redenoticia.com.br\/noticia\/wp-json\/wp\/v2\/comments?post=77142"}],"version-history":[{"count":0,"href":"https:\/\/www.redenoticia.com.br\/noticia\/wp-json\/wp\/v2\/posts\/77142\/revisions"}],"wp:featuredmedia":[{"embeddable":true,"href":"https:\/\/www.redenoticia.com.br\/noticia\/wp-json\/wp\/v2\/media\/34916"}],"wp:attachment":[{"href":"https:\/\/www.redenoticia.com.br\/noticia\/wp-json\/wp\/v2\/media?parent=77142"}],"wp:term":[{"taxonomy":"category","embeddable":true,"href":"https:\/\/www.redenoticia.com.br\/noticia\/wp-json\/wp\/v2\/categories?post=77142"},{"taxonomy":"post_tag","embeddable":true,"href":"https:\/\/www.redenoticia.com.br\/noticia\/wp-json\/wp\/v2\/tags?post=77142"}],"curies":[{"name":"wp","href":"https:\/\/api.w.org\/{rel}","templated":true}]}}