{"id":77088,"date":"2015-11-03T16:18:42","date_gmt":"2015-11-03T18:18:42","guid":{"rendered":"http:\/\/www.redenoticia.com.br\/noticia\/?p=77088"},"modified":"2015-11-03T16:18:42","modified_gmt":"2015-11-03T18:18:42","slug":"aumento-da-gasolina-fez-inflacao-avancar-em-outubro-diz-fgv","status":"publish","type":"post","link":"https:\/\/www.redenoticia.com.br\/noticia\/2015\/aumento-da-gasolina-fez-inflacao-avancar-em-outubro-diz-fgv\/77088","title":{"rendered":"Aumento da gasolina fez infla\u00e7\u00e3o avan\u00e7ar em outubro, diz FGV"},"content":{"rendered":"<p>A <strong><em>infla\u00e7\u00e3o<\/em><\/strong> medida pelo \u00cdndice de Pre\u00e7os ao Consumidor Semanal (IPC-S) encerrou outubro com alta de 0,76%, informou o Instituto Brasileiro de Economia (Ibre) da Funda\u00e7\u00e3o Getulio Vargas (FGV).<\/p>\n<p>A taxa \u00e9 0,09 ponto percentual superior ao resultado do \u00faltimo dia 22 quando a varia\u00e7\u00e3o atingiu 0,67% e ficou bem acima da taxa do fechamento de setembro (0,42%). No acumulado desde janeiro, o \u00edndice teve eleva\u00e7\u00e3o de 8,48% e, nos \u00faltimos 12 meses, a alta atinge 10,01%.<\/p>\n<p>O levantamento mostra que sete dos oito grupos pesquisados tiveram aumento de pre\u00e7os na compara\u00e7\u00e3o com a semana terminada em 22 de outubro. O destaque foi o grupo transportes: este \u00edndice subiu de 1,57% para 1,92% sob a influ\u00eancia da gasolina. Este combust\u00edvel avan\u00e7ou de 3,15% para 5,27%.<\/p>\n<p>Em sa\u00fade e cuidados pessoais, a varia\u00e7\u00e3o passou de 0,54% para 0,65% e entre os itens que mais causaram impacto nesta classe de despesa foram os artigos de higiene e cuidado pessoal (de 0,17% para 0,68%). No grupo habita\u00e7\u00e3o, o \u00edndice aumentou de 0,68% para 0,73% com a eleva\u00e7\u00e3o, principalmente, dos eletrodom\u00e9sticos e equipamentos (de 0,19% para 0,7%).<\/p>\n<p>J\u00e1 os alimentos tiveram altas mais modestas com corre\u00e7\u00f5es na m\u00e9dia de 0,47%, ligeiramente acima da medi\u00e7\u00e3o passada (0,46%). O que tem ajudado a equilibrar os pre\u00e7os neste grupo s\u00e3o as hortali\u00e7as e os legumes, mas estes itens j\u00e1 evidenciam uma tend\u00eancia de alta. Na m\u00e9dia, a cota\u00e7\u00e3o desses alimentos indicou queda de 10,13%. Por\u00e9m, o recuo na apura\u00e7\u00e3o anterior foi mais expressivo: 10,91%.<\/p>\n<p>Em despesas diversas, a varia\u00e7\u00e3o passou de 0,07% para 0,15%, sob o impacto dos servi\u00e7os em cl\u00ednica veterin\u00e1ria (de 0,1% para 0,98%). No grupo educa\u00e7\u00e3o, leitura e recrea\u00e7\u00e3o , a taxa elevou-se de 0,23% para 0,28%, puxado pelo aumento nos ingressos de salas de espet\u00e1culo (de 0,33% para 1,3%). E, em comunica\u00e7\u00e3o, houve varia\u00e7\u00e3o de 0,21% sobre uma alta anterior de 0,18%. Neste caso, a alta foi provocada, principalmente, pela tarifa de telefone m\u00f3vel (de 0,11% para 0,32%).<\/p>\n<p>O \u00fanico decr\u00e9scimo ocorreu em vestu\u00e1rio (de 0,59% para 0,43%) com os pre\u00e7os das roupas subindo mais lentamente (de 0,62% para 0,44%).<\/p>\n<p>As principais influ\u00eancias de alta vieram dos seguintes itens: gasolina (5,27%); etanol (9,21%); g\u00e1s de buj\u00e3o (6,60%); tarifa de \u00f4nibus urbano (1,67%) e tarifa de eletricidade residencial (1,13%).<\/p>\n<p>Em sentido oposto, os itens que mais ajudaram a segurar os pre\u00e7os foram a cebola (-40,73%); a batata-inglesa (-14,11%); a manga (-11,97%); a banana-prata (-3,60%) e a cenoura (-7,61%).<\/p>\n<p>Marli Moreira &#8211; Rep\u00f3rter da Ag\u00eancia Brasil<br \/>\nEdi\u00e7\u00e3o: Jos\u00e9 Romildo<br \/>\n03\/11\/2015<\/p>\n","protected":false},"excerpt":{"rendered":"<p>A infla\u00e7\u00e3o medida pelo \u00cdndice de Pre\u00e7os ao Consumidor Semanal (IPC-S) encerrou outubro com alta de 0,76%, informou o Instituto Brasileiro de Economia (Ibre) da Funda\u00e7\u00e3o Getulio Vargas (FGV). A taxa \u00e9 0,09 ponto percentual superior ao resultado do \u00faltimo dia 22 quando a varia\u00e7\u00e3o atingiu 0,67% e ficou bem acima da taxa do fechamento [&hellip;]<\/p>\n","protected":false},"author":2,"featured_media":34985,"comment_status":"open","ping_status":"closed","sticky":false,"template":"","format":"standard","meta":{"_genesis_hide_title":false,"_genesis_hide_breadcrumbs":false,"_genesis_hide_singular_image":false,"_genesis_hide_footer_widgets":false,"_genesis_custom_body_class":"","_genesis_custom_post_class":"","_genesis_layout":"","_jetpack_memberships_contains_paid_content":false,"footnotes":""},"categories":[22,7],"tags":[],"class_list":{"0":"post-77088","1":"post","2":"type-post","3":"status-publish","4":"format-standard","5":"has-post-thumbnail","7":"category-brasil","8":"category-economia","9":"entry","10":"gs-1","11":"gs-odd","12":"gs-even","13":"gs-featured-content-entry"},"jetpack_featured_media_url":"https:\/\/www.redenoticia.com.br\/noticia\/imagens\/combustivel.jpg","jetpack_sharing_enabled":true,"jetpack_likes_enabled":true,"_links":{"self":[{"href":"https:\/\/www.redenoticia.com.br\/noticia\/wp-json\/wp\/v2\/posts\/77088","targetHints":{"allow":["GET"]}}],"collection":[{"href":"https:\/\/www.redenoticia.com.br\/noticia\/wp-json\/wp\/v2\/posts"}],"about":[{"href":"https:\/\/www.redenoticia.com.br\/noticia\/wp-json\/wp\/v2\/types\/post"}],"author":[{"embeddable":true,"href":"https:\/\/www.redenoticia.com.br\/noticia\/wp-json\/wp\/v2\/users\/2"}],"replies":[{"embeddable":true,"href":"https:\/\/www.redenoticia.com.br\/noticia\/wp-json\/wp\/v2\/comments?post=77088"}],"version-history":[{"count":0,"href":"https:\/\/www.redenoticia.com.br\/noticia\/wp-json\/wp\/v2\/posts\/77088\/revisions"}],"wp:featuredmedia":[{"embeddable":true,"href":"https:\/\/www.redenoticia.com.br\/noticia\/wp-json\/wp\/v2\/media\/34985"}],"wp:attachment":[{"href":"https:\/\/www.redenoticia.com.br\/noticia\/wp-json\/wp\/v2\/media?parent=77088"}],"wp:term":[{"taxonomy":"category","embeddable":true,"href":"https:\/\/www.redenoticia.com.br\/noticia\/wp-json\/wp\/v2\/categories?post=77088"},{"taxonomy":"post_tag","embeddable":true,"href":"https:\/\/www.redenoticia.com.br\/noticia\/wp-json\/wp\/v2\/tags?post=77088"}],"curies":[{"name":"wp","href":"https:\/\/api.w.org\/{rel}","templated":true}]}}