{"id":77086,"date":"2015-11-03T16:15:28","date_gmt":"2015-11-03T18:15:28","guid":{"rendered":"http:\/\/www.redenoticia.com.br\/noticia\/?p=77086"},"modified":"2015-11-03T16:15:28","modified_gmt":"2015-11-03T18:15:28","slug":"inadimplencia-com-rotativo-do-cartao-de-credito-atingiu-389-em-setembro","status":"publish","type":"post","link":"https:\/\/www.redenoticia.com.br\/noticia\/2015\/inadimplencia-com-rotativo-do-cartao-de-credito-atingiu-389-em-setembro\/77086","title":{"rendered":"Inadimpl\u00eancia com rotativo do cart\u00e3o de cr\u00e9dito atingiu 38,9% em setembro"},"content":{"rendered":"<p>A <em><strong>inadimpl\u00eancia do rotativo do cart\u00e3o de cr\u00e9dito<\/strong><\/em> \u00e9 a mais alta entre as modalidades de empr\u00e9stimos para pessoas f\u00edsicas. De acordo com dados do Banco Central (BC), a taxa de inadimpl\u00eancia, considerados atrasos acima de 90 dias, chegou a 38,9%, em setembro, a mais alta desde janeiro de 2012 (38,3%) e a maior para o m\u00eas j\u00e1 registrada na s\u00e9rie hist\u00f3rica, iniciada em mar\u00e7o de 2011.<\/p>\n<p>A inadimpl\u00eancia do cart\u00e3o supera a do cheque especial (15,3%), a do cr\u00e9dito renegociado (16,4%) e a taxa total para pessoas f\u00edsicas (5,7%).<\/p>\n<p>Os bancos cobram juros mais caro pelo uso do rotativo do cart\u00e3o de cr\u00e9dito. Em setembro, a taxa de juros chegou a 414,3% ao ano, muito superior \u00e0 m\u00e9dia dos empr\u00e9stimos para pessoas f\u00edsicas (62,3% ao ano).<\/p>\n<p>O rotativo do cart\u00e3o de cr\u00e9dito \u00e9 a opera\u00e7\u00e3o em que o cliente financia o saldo devedor remanescente ap\u00f3s pagar somente uma parte da fatura. Tamb\u00e9m s\u00e3o consideradas como rotativo as opera\u00e7\u00f5es de saque na fun\u00e7\u00e3o cr\u00e9dito.<\/p>\n<p>O pagamento m\u00ednimo \u00e9 de 15% do total da fatura. Ao deixar de pagar o valor total, o cliente automaticamente contrata uma opera\u00e7\u00e3o de cr\u00e9dito, com incid\u00eancia de juros sobre o saldo n\u00e3o liquidado.<\/p>\n<p>Por meio da , disponibilizada pelo BC na internet, \u00e9 poss\u00edvel verificar quanto custa e quanto tempo leva para quitar a d\u00edvida. A ferramenta tamb\u00e9m compara os custos de outras modalidades de empr\u00e9stimos.<\/p>\n<p>Por exemplo, ao fazer o pagamento de R$ 150 mensais de uma d\u00edvida de R$ 1 mil, com taxa de 414,3% ao ano, o consumidor levar\u00e1 13,9 parcelas para quitar a fatura. O custo total ficar\u00e1 em R$ 2.089,21, sendo R$ 1.089,21 de juros.<\/p>\n<p>J\u00e1 o empr\u00e9stimo consignado de R$ 1 mil, com pagamento de R$ 150 por m\u00eas, a d\u00edvida chega a R$ 1.062,79, sendo R$ 62,79 de juros. Para quitar a d\u00edvida, ser\u00e3o 7,1 parcelas e taxa de juros de 27,56% ao ano. No caso do cr\u00e9dito pessoal, a d\u00edvida chegaria a R$ 1.255,49, com taxa de 118,26% ao ano, em 8,4 parcelas.<\/p>\n<p>Kelly Oliveira \u2013 Rep\u00f3rter da Ag\u00eancia Brasil<br \/>\nEdi\u00e7\u00e3o: Armando Cardoso<br \/>\n03\/11\/2015<\/p>\n","protected":false},"excerpt":{"rendered":"<p>A inadimpl\u00eancia do rotativo do cart\u00e3o de cr\u00e9dito \u00e9 a mais alta entre as modalidades de empr\u00e9stimos para pessoas f\u00edsicas. De acordo com dados do Banco Central (BC), a taxa de inadimpl\u00eancia, considerados atrasos acima de 90 dias, chegou a 38,9%, em setembro, a mais alta desde janeiro de 2012 (38,3%) e a maior para [&hellip;]<\/p>\n","protected":false},"author":2,"featured_media":35203,"comment_status":"open","ping_status":"closed","sticky":false,"template":"","format":"standard","meta":{"_genesis_hide_title":false,"_genesis_hide_breadcrumbs":false,"_genesis_hide_singular_image":false,"_genesis_hide_footer_widgets":false,"_genesis_custom_body_class":"","_genesis_custom_post_class":"","_genesis_layout":"","_jetpack_memberships_contains_paid_content":false,"footnotes":""},"categories":[22,7],"tags":[],"class_list":{"0":"post-77086","1":"post","2":"type-post","3":"status-publish","4":"format-standard","5":"has-post-thumbnail","7":"category-brasil","8":"category-economia","9":"entry","10":"gs-1","11":"gs-odd","12":"gs-even","13":"gs-featured-content-entry"},"jetpack_featured_media_url":"https:\/\/www.redenoticia.com.br\/noticia\/imagens\/cartao-credito.jpg","jetpack_sharing_enabled":true,"jetpack_likes_enabled":true,"_links":{"self":[{"href":"https:\/\/www.redenoticia.com.br\/noticia\/wp-json\/wp\/v2\/posts\/77086","targetHints":{"allow":["GET"]}}],"collection":[{"href":"https:\/\/www.redenoticia.com.br\/noticia\/wp-json\/wp\/v2\/posts"}],"about":[{"href":"https:\/\/www.redenoticia.com.br\/noticia\/wp-json\/wp\/v2\/types\/post"}],"author":[{"embeddable":true,"href":"https:\/\/www.redenoticia.com.br\/noticia\/wp-json\/wp\/v2\/users\/2"}],"replies":[{"embeddable":true,"href":"https:\/\/www.redenoticia.com.br\/noticia\/wp-json\/wp\/v2\/comments?post=77086"}],"version-history":[{"count":0,"href":"https:\/\/www.redenoticia.com.br\/noticia\/wp-json\/wp\/v2\/posts\/77086\/revisions"}],"wp:featuredmedia":[{"embeddable":true,"href":"https:\/\/www.redenoticia.com.br\/noticia\/wp-json\/wp\/v2\/media\/35203"}],"wp:attachment":[{"href":"https:\/\/www.redenoticia.com.br\/noticia\/wp-json\/wp\/v2\/media?parent=77086"}],"wp:term":[{"taxonomy":"category","embeddable":true,"href":"https:\/\/www.redenoticia.com.br\/noticia\/wp-json\/wp\/v2\/categories?post=77086"},{"taxonomy":"post_tag","embeddable":true,"href":"https:\/\/www.redenoticia.com.br\/noticia\/wp-json\/wp\/v2\/tags?post=77086"}],"curies":[{"name":"wp","href":"https:\/\/api.w.org\/{rel}","templated":true}]}}