{"id":7697,"date":"2009-08-05T15:35:14","date_gmt":"2009-08-05T19:35:14","guid":{"rendered":"http:\/\/www.redenoticia.com.br\/noticia\/?p=7697"},"modified":"2009-08-09T20:31:18","modified_gmt":"2009-08-10T00:31:18","slug":"ana-hickmann-recebe-kelly-key-theo-becker-mylena-ciribelli-e-celso-zucatelli","status":"publish","type":"post","link":"https:\/\/www.redenoticia.com.br\/noticia\/2009\/ana-hickmann-recebe-kelly-key-theo-becker-mylena-ciribelli-e-celso-zucatelli\/7697","title":{"rendered":"Ana Hickmann recebe Kelly Key, Theo Becker, Mylena Ciribelli e Celso Zucatelli"},"content":{"rendered":"<p><a href=\"https:\/\/www.redenoticia.com.br\/noticia\/imagens\/\/ana2.jpg\"><img loading=\"lazy\" decoding=\"async\" class=\"alignleft size-medium wp-image-7698\" title=\"ana\" src=\"https:\/\/www.redenoticia.com.br\/noticia\/imagens\/\/ana2-249x187.jpg\" alt=\"ana\" width=\"249\" height=\"187\" \/><\/a>No Tudo \u00e9 Poss\u00edvel deste domingo, dia 09\/08, Ana Hickmann comanda o quadro Batalha dos Sexos, com as presen\u00e7as de kelly key, Carolina Magalh\u00e3es, Mylena Ciribelli, Celso Zucatelli, Theo Becker e Nill Marcondes. As duas equipes participam da divertida brincadeira entre homens e mulheres, para descobrir quem sabe mais sobre o sexo oposto.\u00a0<\/p>\n<p>E o humor toma conta do programa da Ana Hickmann<strong> <\/strong>desta semana: Fala Silva (Pedro Manso) e Gluglu (Vin\u00edcius Vieira) participam de um grande duelo no Desafio do DJ. Os dois ter\u00e3o que adivinhar as m\u00fasicas tocadas em rota\u00e7\u00e3o alterada pelo DJ Theo Werneck.<\/p>\n<p>No palco da Ana Hickmann, o humorista Shaolin d\u00e1 uma aula de imita\u00e7\u00e3o. Ele garante que vai ensinar Ana Hickmann a imitar personagens famosos.<\/p>\n<p>No Debaixo do Chuveiro Especial de Dia dos Pais, os filhos mostram seus diversos talentos e os pais v\u00e3o para debaixo do chuveiro. Ser\u00e1 que algum papai vai tomar banho de \u00e1gua fria?<\/p>\n<p>E ainda: bonecas que parecem beb\u00eas de verdade prometem encantar a apresentadora Ana Hickmann<strong> <\/strong>e toda a plateia.<\/p>\n<p>O Tudo \u00e9 Poss\u00edvel da Ana Hickmann, vice-l\u00edder nas tardes de domingo, vai ao ar a partir das 13h15.<\/p>\n<p>\u00a0Cr\u00e9dito para fotos: Antonio Chahestian \/ Divulga\u00e7\u00e3o Record<\/p>\n","protected":false},"excerpt":{"rendered":"<p>No Tudo \u00e9 Poss\u00edvel deste domingo, dia 09\/08, Ana Hickmann comanda o quadro Batalha dos Sexos, com as presen\u00e7as de kelly key, Carolina Magalh\u00e3es, Mylena Ciribelli, Celso Zucatelli, Theo Becker e Nill Marcondes. As duas equipes participam da divertida brincadeira entre homens e mulheres, para descobrir quem sabe mais sobre o sexo oposto.\u00a0 E o [&hellip;]<\/p>\n","protected":false},"author":3,"featured_media":0,"comment_status":"open","ping_status":"open","sticky":false,"template":"","format":"standard","meta":{"_genesis_hide_title":false,"_genesis_hide_breadcrumbs":false,"_genesis_hide_singular_image":false,"_genesis_hide_footer_widgets":false,"_genesis_custom_body_class":"","_genesis_custom_post_class":"","_genesis_layout":"","_jetpack_memberships_contains_paid_content":false,"footnotes":""},"categories":[22,343],"tags":[],"class_list":{"0":"post-7697","1":"post","2":"type-post","3":"status-publish","4":"format-standard","6":"category-brasil","7":"category-televisao","8":"entry","9":"gs-1","10":"gs-odd","11":"gs-even","12":"gs-featured-content-entry"},"jetpack_featured_media_url":"","jetpack_sharing_enabled":true,"jetpack_likes_enabled":true,"_links":{"self":[{"href":"https:\/\/www.redenoticia.com.br\/noticia\/wp-json\/wp\/v2\/posts\/7697","targetHints":{"allow":["GET"]}}],"collection":[{"href":"https:\/\/www.redenoticia.com.br\/noticia\/wp-json\/wp\/v2\/posts"}],"about":[{"href":"https:\/\/www.redenoticia.com.br\/noticia\/wp-json\/wp\/v2\/types\/post"}],"author":[{"embeddable":true,"href":"https:\/\/www.redenoticia.com.br\/noticia\/wp-json\/wp\/v2\/users\/3"}],"replies":[{"embeddable":true,"href":"https:\/\/www.redenoticia.com.br\/noticia\/wp-json\/wp\/v2\/comments?post=7697"}],"version-history":[{"count":0,"href":"https:\/\/www.redenoticia.com.br\/noticia\/wp-json\/wp\/v2\/posts\/7697\/revisions"}],"wp:attachment":[{"href":"https:\/\/www.redenoticia.com.br\/noticia\/wp-json\/wp\/v2\/media?parent=7697"}],"wp:term":[{"taxonomy":"category","embeddable":true,"href":"https:\/\/www.redenoticia.com.br\/noticia\/wp-json\/wp\/v2\/categories?post=7697"},{"taxonomy":"post_tag","embeddable":true,"href":"https:\/\/www.redenoticia.com.br\/noticia\/wp-json\/wp\/v2\/tags?post=7697"}],"curies":[{"name":"wp","href":"https:\/\/api.w.org\/{rel}","templated":true}]}}