{"id":76943,"date":"2015-10-29T20:00:46","date_gmt":"2015-10-29T22:00:46","guid":{"rendered":"http:\/\/www.redenoticia.com.br\/noticia\/?p=76943"},"modified":"2015-10-29T20:00:46","modified_gmt":"2015-10-29T22:00:46","slug":"tesouro-estima-que-deficit-primario-pode-chegar-a-r-110-bilhoes-em-2015","status":"publish","type":"post","link":"https:\/\/www.redenoticia.com.br\/noticia\/2015\/tesouro-estima-que-deficit-primario-pode-chegar-a-r-110-bilhoes-em-2015\/76943","title":{"rendered":"Tesouro estima que d\u00e9ficit prim\u00e1rio pode chegar a R$ 110 bilh\u00f5es em 2015"},"content":{"rendered":"<p> O secret\u00e1rio do Tesouro Nacional, Marcelo Saintive, disse que o <strong><em>d\u00e9ficit prim\u00e1rio<\/em><\/strong> do governo federal pode chegar a aproximadamente R$ 110 bilh\u00f5es em 2015. O d\u00e9ficit prim\u00e1rio \u00e9 o resultado negativo nas contas p\u00fablicas sem considerar o pagamento dos juros da d\u00edvida.<\/p>\n<p>O c\u00e1lculo sobre o d\u00e9ficit prim\u00e1rio do secret\u00e1rio inclui o dinheiro &#8211; estimado em R$ 11 bilh\u00f5es &#8211; que deixar\u00e1 de entrar, na hip\u00f3tese de n\u00e3o realiza\u00e7\u00e3o do leil\u00e3o das hidrel\u00e9tricas, previsto para novembro. Inclui tamb\u00e9m os valores que devem ser pagos pela Uni\u00e3o este ano para compensar o atraso no repasse de recursos a bancos p\u00fablicos &#8211; que deixaram de ser pagos no primeiro semestre de 2014 &#8211; destinados a benef\u00edcios sociais. Segundo o secret\u00e1rio, esses recursos devem atingir R$ 50 bilh\u00f5es.<\/p>\n<p>A estimativa envolve tamb\u00e9m a meta de d\u00e9ficit prim\u00e1rio de R$ 51,8 bilh\u00f5es, referente ao or\u00e7amento de 2015, prevista pelo  deputado Hugo Leal (PROS-RJ), relator do projeto de lei que altera a meta fiscal deste ano.<\/p>\n<p>Segundo Marcelo Saintive, do total do d\u00e9ficit previsto, R$ 17 bilh\u00f5es j\u00e1 foram repassados pelo governo, at\u00e9 setembro, aos bancos federais. O secret\u00e1rio do Tesouro Nacional afirmou que esse valor leva seis meses para ser contabilizado. <\/p>\n<p>Ao comentar o valor do d\u00e9ficit, Marcelo Saintive acrescentou: \u201c\u00c9 mais ou menos o valor que eu encontrei. Tem atualiza\u00e7\u00f5es [por isso, o resultado]\u201d, disse o secret\u00e1rio.<\/p>\n<p>O governo espera o entendimento do Tribunal de Contas da Uni\u00e3o (TCU) sobre a quest\u00e3o do repasse a bancos p\u00fablicos para saber como ir\u00e1 quitar as d\u00edvidas.<\/p>\n<p>O secret\u00e1rio Marcelo Saintive, anunciou que o d\u00e9ficit fiscal do Governo Central de janeiro a setembro deste ano atingiu R$ 20,938 bilh\u00f5es, o pior da s\u00e9rie hist\u00f3rica que come\u00e7ou em 1997. O d\u00e9ficit \u00e9 24,6% superior ao do mesmo per\u00edodo do ano passado j\u00e1 corrigido pela infla\u00e7\u00e3o. O Governo Central engloba o Tesouro Nacional, a Previd\u00eancia Social e o Banco Central. No ano passado, o resultado ficou negativo em R$ 15,716 bilh\u00f5es.<\/p>\n<p> Daniel Lima \u2013 Rep\u00f3rter da Ag\u00eancia Brasil<br \/>\nEdi\u00e7\u00e3o: Jos\u00e9 Romildo<br \/>\n29\/10\/2015<\/p>\n","protected":false},"excerpt":{"rendered":"<p>O secret\u00e1rio do Tesouro Nacional, Marcelo Saintive, disse que o d\u00e9ficit prim\u00e1rio do governo federal pode chegar a aproximadamente R$ 110 bilh\u00f5es em 2015. O d\u00e9ficit prim\u00e1rio \u00e9 o resultado negativo nas contas p\u00fablicas sem considerar o pagamento dos juros da d\u00edvida. O c\u00e1lculo sobre o d\u00e9ficit prim\u00e1rio do secret\u00e1rio inclui o dinheiro &#8211; estimado [&hellip;]<\/p>\n","protected":false},"author":2,"featured_media":57583,"comment_status":"open","ping_status":"closed","sticky":false,"template":"","format":"standard","meta":{"_genesis_hide_title":false,"_genesis_hide_breadcrumbs":false,"_genesis_hide_singular_image":false,"_genesis_hide_footer_widgets":false,"_genesis_custom_body_class":"","_genesis_custom_post_class":"","_genesis_layout":"","_jetpack_memberships_contains_paid_content":false,"footnotes":""},"categories":[22,7],"tags":[],"class_list":{"0":"post-76943","1":"post","2":"type-post","3":"status-publish","4":"format-standard","5":"has-post-thumbnail","7":"category-brasil","8":"category-economia","9":"entry","10":"gs-1","11":"gs-odd","12":"gs-even","13":"gs-featured-content-entry"},"jetpack_featured_media_url":"https:\/\/www.redenoticia.com.br\/noticia\/imagens\/economia-grafico.jpg","jetpack_sharing_enabled":true,"jetpack_likes_enabled":true,"_links":{"self":[{"href":"https:\/\/www.redenoticia.com.br\/noticia\/wp-json\/wp\/v2\/posts\/76943","targetHints":{"allow":["GET"]}}],"collection":[{"href":"https:\/\/www.redenoticia.com.br\/noticia\/wp-json\/wp\/v2\/posts"}],"about":[{"href":"https:\/\/www.redenoticia.com.br\/noticia\/wp-json\/wp\/v2\/types\/post"}],"author":[{"embeddable":true,"href":"https:\/\/www.redenoticia.com.br\/noticia\/wp-json\/wp\/v2\/users\/2"}],"replies":[{"embeddable":true,"href":"https:\/\/www.redenoticia.com.br\/noticia\/wp-json\/wp\/v2\/comments?post=76943"}],"version-history":[{"count":0,"href":"https:\/\/www.redenoticia.com.br\/noticia\/wp-json\/wp\/v2\/posts\/76943\/revisions"}],"wp:featuredmedia":[{"embeddable":true,"href":"https:\/\/www.redenoticia.com.br\/noticia\/wp-json\/wp\/v2\/media\/57583"}],"wp:attachment":[{"href":"https:\/\/www.redenoticia.com.br\/noticia\/wp-json\/wp\/v2\/media?parent=76943"}],"wp:term":[{"taxonomy":"category","embeddable":true,"href":"https:\/\/www.redenoticia.com.br\/noticia\/wp-json\/wp\/v2\/categories?post=76943"},{"taxonomy":"post_tag","embeddable":true,"href":"https:\/\/www.redenoticia.com.br\/noticia\/wp-json\/wp\/v2\/tags?post=76943"}],"curies":[{"name":"wp","href":"https:\/\/api.w.org\/{rel}","templated":true}]}}