{"id":76706,"date":"2015-10-23T17:15:29","date_gmt":"2015-10-23T19:15:29","guid":{"rendered":"http:\/\/www.redenoticia.com.br\/noticia\/?p=76706"},"modified":"2015-10-23T17:15:29","modified_gmt":"2015-10-23T19:15:29","slug":"expectativa-de-inflacao-dos-consumidores-permanece-estavel-diz-fgv","status":"publish","type":"post","link":"https:\/\/www.redenoticia.com.br\/noticia\/2015\/expectativa-de-inflacao-dos-consumidores-permanece-estavel-diz-fgv\/76706","title":{"rendered":"Expectativa de infla\u00e7\u00e3o dos consumidores permanece est\u00e1vel, diz FGV"},"content":{"rendered":"<p> A <strong><em>infla\u00e7\u00e3o<\/em><\/strong> mediana prevista pelos consumidores brasileiros para os 12 meses seguintes permaneceu est\u00e1vel pelo terceiro m\u00eas consecutivo, ao fechar outubro em 10%. O Indicador de Expectativa de Infla\u00e7\u00e3o dos Consumidores deste m\u00eas foi divulgado pelo Instituto Brasileiro de Economia da Funda\u00e7\u00e3o Getulio Vargas (Ibre-FGV).<\/p>\n<p>O resultado manteve o indicador no n\u00edvel recorde da s\u00e9rie iniciada em setembro de 2005, mas confirmou a interrup\u00e7\u00e3o de uma sequ\u00eancia de sete altas consecutivas ao longo deste ano.<\/p>\n<p>Segundo o economista da FGV Pedro Costa Ferreira, o resultado indica \u201cuma certa rigidez\u201d do consumidor em reverter suas expectativas para um cen\u00e1rio mais otimista, ou mais pr\u00f3ximo do cen\u00e1rio desenhado pelo governo, com rela\u00e7\u00e3o \u00e0 infla\u00e7\u00e3o futura. \u201cParece tamb\u00e9m que o fator que mais est\u00e1 contribuindo para a expectativa de infla\u00e7\u00e3o futura \u00e9 a infla\u00e7\u00e3o atual. Este \u00e9 um cen\u00e1rio que merece aten\u00e7\u00e3o, na medida em que os consumidores a utilizar\u00e3o para negociar contratos e formar pre\u00e7os.\u201d<\/p>\n<p>Em rela\u00e7\u00e3o \u00e0 frequ\u00eancia dos valores mais citados pelos consumidores ao prever a infla\u00e7\u00e3o futura, as previs\u00f5es na faixa entre 9% e 10% mantiveram-se, pelo quarto m\u00eas consecutivo, como as mais citadas: 39,1% deles dosseram que a infla\u00e7\u00e3o futura deve ficar nessa faixa, contra 33,2% das previs\u00f5es de setembro. J\u00e1 os valores entre 10% e 12% de varia\u00e7\u00e3o da infla\u00e7\u00e3o para os pr\u00f3ximos 12 meses tiveram aumento moderado: de 18,1%, em setembro, para 20,4% em outubro.<\/p>\n<p>O Indicador de Expectativa de Infla\u00e7\u00e3o dos Consumidores \u00e9 um \u00edndice mensal, elaborado com dados obtidos na Sondagem de Expectativas do Consumidor. O indicador apresenta estat\u00edsticas sobre a infla\u00e7\u00e3o prevista pela popula\u00e7\u00e3o nos 12 meses seguintes da data de coleta sobre a tend\u00eancia de infla\u00e7\u00e3o para o mesmo per\u00edodo.<\/p>\n<p>Nielmar de Oliveira \u2013 Rep\u00f3rter da Ag\u00eancia Brasil<br \/>\nEdi\u00e7\u00e3o: N\u00e1dia Franco<\/p>\n","protected":false},"excerpt":{"rendered":"<p>A infla\u00e7\u00e3o mediana prevista pelos consumidores brasileiros para os 12 meses seguintes permaneceu est\u00e1vel pelo terceiro m\u00eas consecutivo, ao fechar outubro em 10%. O Indicador de Expectativa de Infla\u00e7\u00e3o dos Consumidores deste m\u00eas foi divulgado pelo Instituto Brasileiro de Economia da Funda\u00e7\u00e3o Getulio Vargas (Ibre-FGV). O resultado manteve o indicador no n\u00edvel recorde da s\u00e9rie [&hellip;]<\/p>\n","protected":false},"author":2,"featured_media":57584,"comment_status":"open","ping_status":"closed","sticky":false,"template":"","format":"standard","meta":{"_genesis_hide_title":false,"_genesis_hide_breadcrumbs":false,"_genesis_hide_singular_image":false,"_genesis_hide_footer_widgets":false,"_genesis_custom_body_class":"","_genesis_custom_post_class":"","_genesis_layout":"","_jetpack_memberships_contains_paid_content":false,"footnotes":""},"categories":[22,7],"tags":[],"class_list":{"0":"post-76706","1":"post","2":"type-post","3":"status-publish","4":"format-standard","5":"has-post-thumbnail","7":"category-brasil","8":"category-economia","9":"entry","10":"gs-1","11":"gs-odd","12":"gs-even","13":"gs-featured-content-entry"},"jetpack_featured_media_url":"https:\/\/www.redenoticia.com.br\/noticia\/imagens\/economia-grafica-analise-inflacao.jpg","jetpack_sharing_enabled":true,"jetpack_likes_enabled":true,"_links":{"self":[{"href":"https:\/\/www.redenoticia.com.br\/noticia\/wp-json\/wp\/v2\/posts\/76706","targetHints":{"allow":["GET"]}}],"collection":[{"href":"https:\/\/www.redenoticia.com.br\/noticia\/wp-json\/wp\/v2\/posts"}],"about":[{"href":"https:\/\/www.redenoticia.com.br\/noticia\/wp-json\/wp\/v2\/types\/post"}],"author":[{"embeddable":true,"href":"https:\/\/www.redenoticia.com.br\/noticia\/wp-json\/wp\/v2\/users\/2"}],"replies":[{"embeddable":true,"href":"https:\/\/www.redenoticia.com.br\/noticia\/wp-json\/wp\/v2\/comments?post=76706"}],"version-history":[{"count":0,"href":"https:\/\/www.redenoticia.com.br\/noticia\/wp-json\/wp\/v2\/posts\/76706\/revisions"}],"wp:featuredmedia":[{"embeddable":true,"href":"https:\/\/www.redenoticia.com.br\/noticia\/wp-json\/wp\/v2\/media\/57584"}],"wp:attachment":[{"href":"https:\/\/www.redenoticia.com.br\/noticia\/wp-json\/wp\/v2\/media?parent=76706"}],"wp:term":[{"taxonomy":"category","embeddable":true,"href":"https:\/\/www.redenoticia.com.br\/noticia\/wp-json\/wp\/v2\/categories?post=76706"},{"taxonomy":"post_tag","embeddable":true,"href":"https:\/\/www.redenoticia.com.br\/noticia\/wp-json\/wp\/v2\/tags?post=76706"}],"curies":[{"name":"wp","href":"https:\/\/api.w.org\/{rel}","templated":true}]}}