{"id":76698,"date":"2015-10-23T16:56:05","date_gmt":"2015-10-23T18:56:05","guid":{"rendered":"http:\/\/www.redenoticia.com.br\/noticia\/?p=76698"},"modified":"2015-10-23T16:56:05","modified_gmt":"2015-10-23T18:56:05","slug":"educacao-sp-responde-perguntas-de-alunos-sobre-a-reorganizacao-escolar","status":"publish","type":"post","link":"https:\/\/www.redenoticia.com.br\/noticia\/2015\/educacao-sp-responde-perguntas-de-alunos-sobre-a-reorganizacao-escolar\/76698","title":{"rendered":"Educa\u00e7\u00e3o SP responde perguntas de alunos sobre a reorganiza\u00e7\u00e3o escolar"},"content":{"rendered":"<p>Como eu vou saber se minha escola em SP vai fazer parte da reorganiza\u00e7\u00e3o escolar? Quais s\u00e3o os benef\u00edcios da reorganiza\u00e7\u00e3o escolar? Eu vou estudar longe? Essas e outras perguntas sobre a <strong><em>reorganiza\u00e7\u00e3o escolar<\/em><\/strong> paulista, anunciada em setembro pela Secretaria da Educa\u00e7\u00e3o, est\u00e3o na cabe\u00e7a de alunos e professores da rede estadual paulista.<\/p>\n<p>Para sanar as d\u00favidas dos estudantes, Fernando Padula, chefe de Gabinete da Secretaria da Educa\u00e7\u00e3o do Estado de S\u00e3o Paulo, respondeu a questionamentos sobre o assunto.\u00a0Confira as quest\u00f5es e respostas no.<\/p>\n<p>Com foco na melhoria da qualidade de ensino das escolas de S\u00e3o Paulo, o novo processo pretende ampliar o n\u00famero de escolas divididas pelos tr\u00eas ciclos de educa\u00e7\u00e3o: Ensino Infantil, Ensino Fundamental &#8211; Anos Iniciais e Anos Finais &#8211; e Ensino M\u00e9dio.<\/p>\n<p>Com a nova proposta, os alunos do Ensino M\u00e9dio, por exemplo, passar\u00e3o a estudar apenas com estudantes deste segmento. O mesmo vale para os alunos dos ensinos Infantil e Fundamental.<\/p>\n<p>A reorganiza\u00e7\u00e3o escolar passar\u00e1 a vigorar a partir do ano de 2016. Neste primeiro momento, a Educa\u00e7\u00e3o est\u00e1 em fase final de um estudo que definir\u00e1 as escolas selecionadas para o processo. Depois disso, os alunos ser\u00e3o comunicados sobre a mudan\u00e7a de escola. No geral, os estudantes ser\u00e3o deslocados dentro do mesmo bairro em que j\u00e1 estudam, num raio de aproximadamente 1,5 km.<\/p>\n<p>Salas com menos alunos<br \/>\nCom a reorganiza\u00e7\u00e3o escolar, foram definidos tr\u00eas m\u00f3dulos para o limite de estudantes nas salas de aula. Para as salas de Ensino Fundamental I, ser\u00e3o 30 alunos. J\u00e1 as salas que recebem o Fundamental II ter\u00e3o 35 estudantes. Por fim, os alunos do Ensino M\u00e9dio ficar\u00e3o em salas de aula com limite de 40 pessoas.<\/p>\n<p>Vale lembrar que nem todas as unidades de ensino do Estado passar\u00e3o pela reorganiza\u00e7\u00e3o. As escolas com mais de um ciclo ainda funcionar\u00e3o, devido \u00e0s diferen\u00e7as demogr\u00e1ficas e as necessidades por escolas para diversas faixas et\u00e1rias em algumas regi\u00f5es de S\u00e3o Paulo.<\/p>\n<p>P\u00e1gina exclusiva para a reorganiza\u00e7\u00e3o<br \/>\n sobre a reorganiza\u00e7\u00e3o da rede estadual paulista. No endere\u00e7o \u00e9 poss\u00edvel conhecer mais detalhes sobre a proposta que visa ampliar o n\u00famero de escolas com ciclo \u00fanico e desta forma melhorar a qualidade de ensino. Vale ressaltar que a lista de escolas que passar\u00e3o a funcionar com ciclo \u00fanico s\u00f3 ser\u00e1 definida ap\u00f3s reuni\u00f5es entre diretorias e comunidade.<\/p>\n<p>Tamb\u00e9m est\u00e1 marcado para o dia 14 de novembro um megaencontro nas escolas de todo o Estado. O \u201cDia E\u201d, como esta sendo chamada a data, ser\u00e1 a oportunidade para a comunidade tirar as d\u00favidas que est\u00e3o surgindo durante o processo. A expectativa da Educa\u00e7\u00e3o \u00e9 que cerca de 1 milh\u00e3o de estudantes sejam beneficiados diretamente com as mudan\u00e7as na rede.<\/p>\n<p>Do Portal do Governo do Estado SP<\/p>\n","protected":false},"excerpt":{"rendered":"<p>Como eu vou saber se minha escola em SP vai fazer parte da reorganiza\u00e7\u00e3o escolar? Quais s\u00e3o os benef\u00edcios da reorganiza\u00e7\u00e3o escolar? Eu vou estudar longe? Essas e outras perguntas sobre a reorganiza\u00e7\u00e3o escolar paulista, anunciada em setembro pela Secretaria da Educa\u00e7\u00e3o, est\u00e3o na cabe\u00e7a de alunos e professores da rede estadual paulista. Para sanar [&hellip;]<\/p>\n","protected":false},"author":2,"featured_media":36262,"comment_status":"open","ping_status":"closed","sticky":false,"template":"","format":"standard","meta":{"_genesis_hide_title":false,"_genesis_hide_breadcrumbs":false,"_genesis_hide_singular_image":false,"_genesis_hide_footer_widgets":false,"_genesis_custom_body_class":"","_genesis_custom_post_class":"","_genesis_layout":"","_jetpack_memberships_contains_paid_content":false,"footnotes":""},"categories":[22],"tags":[],"class_list":{"0":"post-76698","1":"post","2":"type-post","3":"status-publish","4":"format-standard","5":"has-post-thumbnail","7":"category-brasil","8":"entry","9":"gs-1","10":"gs-odd","11":"gs-even","12":"gs-featured-content-entry"},"jetpack_featured_media_url":"https:\/\/www.redenoticia.com.br\/noticia\/imagens\/aluno-a.jpg","jetpack_sharing_enabled":true,"jetpack_likes_enabled":true,"_links":{"self":[{"href":"https:\/\/www.redenoticia.com.br\/noticia\/wp-json\/wp\/v2\/posts\/76698","targetHints":{"allow":["GET"]}}],"collection":[{"href":"https:\/\/www.redenoticia.com.br\/noticia\/wp-json\/wp\/v2\/posts"}],"about":[{"href":"https:\/\/www.redenoticia.com.br\/noticia\/wp-json\/wp\/v2\/types\/post"}],"author":[{"embeddable":true,"href":"https:\/\/www.redenoticia.com.br\/noticia\/wp-json\/wp\/v2\/users\/2"}],"replies":[{"embeddable":true,"href":"https:\/\/www.redenoticia.com.br\/noticia\/wp-json\/wp\/v2\/comments?post=76698"}],"version-history":[{"count":0,"href":"https:\/\/www.redenoticia.com.br\/noticia\/wp-json\/wp\/v2\/posts\/76698\/revisions"}],"wp:featuredmedia":[{"embeddable":true,"href":"https:\/\/www.redenoticia.com.br\/noticia\/wp-json\/wp\/v2\/media\/36262"}],"wp:attachment":[{"href":"https:\/\/www.redenoticia.com.br\/noticia\/wp-json\/wp\/v2\/media?parent=76698"}],"wp:term":[{"taxonomy":"category","embeddable":true,"href":"https:\/\/www.redenoticia.com.br\/noticia\/wp-json\/wp\/v2\/categories?post=76698"},{"taxonomy":"post_tag","embeddable":true,"href":"https:\/\/www.redenoticia.com.br\/noticia\/wp-json\/wp\/v2\/tags?post=76698"}],"curies":[{"name":"wp","href":"https:\/\/api.w.org\/{rel}","templated":true}]}}