{"id":76696,"date":"2015-10-23T16:51:29","date_gmt":"2015-10-23T18:51:29","guid":{"rendered":"http:\/\/www.redenoticia.com.br\/noticia\/?p=76696"},"modified":"2015-10-23T16:51:29","modified_gmt":"2015-10-23T18:51:29","slug":"museu-afro-brasil-completa-11-anos-e-comemora-com-tres-novas-exposicoes","status":"publish","type":"post","link":"https:\/\/www.redenoticia.com.br\/noticia\/2015\/museu-afro-brasil-completa-11-anos-e-comemora-com-tres-novas-exposicoes\/76696","title":{"rendered":"Museu Afro Brasil completa 11 anos e comemora com tr\u00eas novas exposi\u00e7\u00f5es"},"content":{"rendered":"<p>Para comemorar os 11 anos do <em><strong>Museu Afro Brasil<\/strong><\/em>, tr\u00eas novas exposi\u00e7\u00f5es ser\u00e3o inauguradas nesta sexta-feira (23), data do anivers\u00e1rio. S\u00e3o elas: &#8220;A nossa inven\u00e7\u00e3o da arte&#8221;, &#8220;Cartas ao Mar&#8221; e &#8220;Ra\u00edzes e Fragmentos. Uma viagem ao territ\u00f3rio mental&#8221;. O museu fica no Parque Ibirapuera, em S\u00e3o Paulo.<\/p>\n<p>A exposi\u00e7\u00e3o &#8220;A nossa inven\u00e7\u00e3o da arte&#8221; \u00e9 composta por obras da cole\u00e7\u00e3o de Ladi Biezus e revela a for\u00e7a da arte tradicional popular. &#8220;Cartas ao Mar&#8221; traz fotografias do artista mineiro Eust\u00e1quio Neves em grandes dimens\u00f5es concebidas a partir da experimenta\u00e7\u00e3o de procedimentos fotogr\u00e1ficos e tinta em papel de algod\u00e3o.<\/p>\n<p>A mostra &#8220;Ra\u00edzes e Fragmentos. Uma viagem ao territ\u00f3rio mental&#8221; apresenta obras de Duda Penteado, artista pl\u00e1stico multim\u00eddia que vive entre os Estados Unidos e o Brasil h\u00e1 quase 20 anos. Os trabalhos de Duda t\u00eam como refer\u00eancia temas voltados para a paz, globaliza\u00e7\u00e3o, di\u00e1spora, dupla nacionalidade entre outros fen\u00f4menos geopol\u00edticos e sociais do s\u00e9culo 21.<\/p>\n<p>SERVI\u00c7O<br \/>\nExposi\u00e7\u00f5es no Museu Afro Brasil<br \/>\n&#8220;A nossa inven\u00e7\u00e3o da arte&#8221;<br \/>\n&#8220;Cartas ao Mar&#8221;<br \/>\n&#8220;Ra\u00edzes e Fragmentos. Uma viagem ao territ\u00f3rio mental&#8221;<br \/>\nAbertura: sexta-feira (23), \u00e0s 19h<br \/>\nAt\u00e9 03\/01\/2016<br \/>\nMuseu Afro Brasil<br \/>\nAv. Pedro \u00c1lvares Cabral, s\/n\u00ba &#8211; Parque Ibirapuera &#8211; Port\u00e3o 10, S\u00e3o Paulo<br \/>\nIngressos: R$ 6,00 (meia entrada R$ 3,00). Gratuito aos s\u00e1bados<br \/>\nTel.: (11) 3320-8900<\/p>\n<p>Do Portal do Governo do Estado SP<\/p>\n","protected":false},"excerpt":{"rendered":"<p>Para comemorar os 11 anos do Museu Afro Brasil, tr\u00eas novas exposi\u00e7\u00f5es ser\u00e3o inauguradas nesta sexta-feira (23), data do anivers\u00e1rio. S\u00e3o elas: &#8220;A nossa inven\u00e7\u00e3o da arte&#8221;, &#8220;Cartas ao Mar&#8221; e &#8220;Ra\u00edzes e Fragmentos. Uma viagem ao territ\u00f3rio mental&#8221;. O museu fica no Parque Ibirapuera, em S\u00e3o Paulo. A exposi\u00e7\u00e3o &#8220;A nossa inven\u00e7\u00e3o da arte&#8221; [&hellip;]<\/p>\n","protected":false},"author":2,"featured_media":28951,"comment_status":"open","ping_status":"closed","sticky":false,"template":"","format":"standard","meta":{"_genesis_hide_title":false,"_genesis_hide_breadcrumbs":false,"_genesis_hide_singular_image":false,"_genesis_hide_footer_widgets":false,"_genesis_custom_body_class":"","_genesis_custom_post_class":"","_genesis_layout":"","_jetpack_memberships_contains_paid_content":false,"footnotes":""},"categories":[22],"tags":[],"class_list":{"0":"post-76696","1":"post","2":"type-post","3":"status-publish","4":"format-standard","5":"has-post-thumbnail","7":"category-brasil","8":"entry","9":"gs-1","10":"gs-odd","11":"gs-even","12":"gs-featured-content-entry"},"jetpack_featured_media_url":"https:\/\/www.redenoticia.com.br\/noticia\/imagens\/concurso-inscricao-vagas-ate.jpg","jetpack_sharing_enabled":true,"jetpack_likes_enabled":true,"_links":{"self":[{"href":"https:\/\/www.redenoticia.com.br\/noticia\/wp-json\/wp\/v2\/posts\/76696","targetHints":{"allow":["GET"]}}],"collection":[{"href":"https:\/\/www.redenoticia.com.br\/noticia\/wp-json\/wp\/v2\/posts"}],"about":[{"href":"https:\/\/www.redenoticia.com.br\/noticia\/wp-json\/wp\/v2\/types\/post"}],"author":[{"embeddable":true,"href":"https:\/\/www.redenoticia.com.br\/noticia\/wp-json\/wp\/v2\/users\/2"}],"replies":[{"embeddable":true,"href":"https:\/\/www.redenoticia.com.br\/noticia\/wp-json\/wp\/v2\/comments?post=76696"}],"version-history":[{"count":0,"href":"https:\/\/www.redenoticia.com.br\/noticia\/wp-json\/wp\/v2\/posts\/76696\/revisions"}],"wp:featuredmedia":[{"embeddable":true,"href":"https:\/\/www.redenoticia.com.br\/noticia\/wp-json\/wp\/v2\/media\/28951"}],"wp:attachment":[{"href":"https:\/\/www.redenoticia.com.br\/noticia\/wp-json\/wp\/v2\/media?parent=76696"}],"wp:term":[{"taxonomy":"category","embeddable":true,"href":"https:\/\/www.redenoticia.com.br\/noticia\/wp-json\/wp\/v2\/categories?post=76696"},{"taxonomy":"post_tag","embeddable":true,"href":"https:\/\/www.redenoticia.com.br\/noticia\/wp-json\/wp\/v2\/tags?post=76696"}],"curies":[{"name":"wp","href":"https:\/\/api.w.org\/{rel}","templated":true}]}}