{"id":76694,"date":"2015-10-23T17:18:09","date_gmt":"2015-10-23T19:18:09","guid":{"rendered":"http:\/\/www.redenoticia.com.br\/noticia\/?p=76694"},"modified":"2015-10-23T17:18:09","modified_gmt":"2015-10-23T19:18:09","slug":"contas-externas-tem-saldo-negativo-de-us-3076-bilhoes-em-setembro","status":"publish","type":"post","link":"https:\/\/www.redenoticia.com.br\/noticia\/2015\/contas-externas-tem-saldo-negativo-de-us-3076-bilhoes-em-setembro\/76694","title":{"rendered":"Contas externas t\u00eam saldo negativo de US$ 3,076 bilh\u00f5es em setembro"},"content":{"rendered":"<p> O <strong><em>saldo negativo das transa\u00e7\u00f5es correntes<\/em><\/strong>, que s\u00e3o as compras e as vendas de mercadorias e servi\u00e7os do pa\u00eds com o mundo, ficou em US$ 3,076 bilh\u00f5es, em setembro, e acumulou US$ 49,362 bilh\u00f5es, nos nove meses do ano.<\/p>\n<p>No m\u00eas passado, a conta de servi\u00e7os (viagens internacionais, transportes, aluguel de equipamentos, seguros, entre outros) contribuiu para o resultado negativo, com US$ 2,913 bilh\u00f5es. Na conta de renda prim\u00e1ria (lucros e dividendos, pagamentos de juros e sal\u00e1rios), o d\u00e9ficit ficou em US$ 3 bilh\u00f5es.<\/p>\n<p>A conta de renda secund\u00e1ria (renda gerada em uma economia e distribu\u00edda para outra, como doa\u00e7\u00f5es e remessas de d\u00f3lares, sem contrapartida de servi\u00e7os ou bens) apresentou resultado positivo, de US$ 207 milh\u00f5es, assim como a balan\u00e7a comercial (exporta\u00e7\u00f5es e importa\u00e7\u00f5es), US$ 2,630 bilh\u00f5es.<\/p>\n<p>Quando o pa\u00eds tem d\u00e9ficit em conta-corrente, ou seja, gasta al\u00e9m da renda do pa\u00eds, \u00e9 preciso financiar esse resultado com investimentos estrangeiros ou tomar dinheiro emprestado no exterior. O investimento direto no pa\u00eds (IDP), recursos que entram no Brasil e v\u00e3o para o setor produtivo da economia, \u00e9 considerado a melhor forma de financiar por ser de longo prazo.<\/p>\n<p>Em setembro, o IDP chegou a US$ 6,037 bilh\u00f5es, acumulando US$ 48,211 bilh\u00f5es, nos nove meses do ano.<\/p>\n<p>O investimento em a\u00e7\u00f5es negociadas no Brasil e no exterior chegou a US$ 276 milh\u00f5es, no m\u00eas passado, e a US$ 10,403 bilh\u00f5es, de janeiro a setembro. No caso do investimento em t\u00edtulos negociados no pa\u00eds, houve mais sa\u00edda de investimentos do que entrada, com saldo negativo de US$ 3,605 bilh\u00f5es, no m\u00eas. De janeiro a setembro, o saldo ficou positivo em US$ 15,114 bilh\u00f5es.<\/p>\n<p>Kelly Oliveira \u2013 Rep\u00f3rter da Ag\u00eancia Brasil<br \/>\nEdi\u00e7\u00e3o: Jos\u00e9 Romildo <\/p>\n","protected":false},"excerpt":{"rendered":"<p>O saldo negativo das transa\u00e7\u00f5es correntes, que s\u00e3o as compras e as vendas de mercadorias e servi\u00e7os do pa\u00eds com o mundo, ficou em US$ 3,076 bilh\u00f5es, em setembro, e acumulou US$ 49,362 bilh\u00f5es, nos nove meses do ano. No m\u00eas passado, a conta de servi\u00e7os (viagens internacionais, transportes, aluguel de equipamentos, seguros, entre outros) [&hellip;]<\/p>\n","protected":false},"author":2,"featured_media":38938,"comment_status":"open","ping_status":"closed","sticky":false,"template":"","format":"standard","meta":{"_genesis_hide_title":false,"_genesis_hide_breadcrumbs":false,"_genesis_hide_singular_image":false,"_genesis_hide_footer_widgets":false,"_genesis_custom_body_class":"","_genesis_custom_post_class":"","_genesis_layout":"","_jetpack_memberships_contains_paid_content":false,"footnotes":""},"categories":[22,7],"tags":[],"class_list":{"0":"post-76694","1":"post","2":"type-post","3":"status-publish","4":"format-standard","5":"has-post-thumbnail","7":"category-brasil","8":"category-economia","9":"entry","10":"gs-1","11":"gs-odd","12":"gs-even","13":"gs-featured-content-entry"},"jetpack_featured_media_url":"https:\/\/www.redenoticia.com.br\/noticia\/imagens\/economia1.jpg","jetpack_sharing_enabled":true,"jetpack_likes_enabled":true,"_links":{"self":[{"href":"https:\/\/www.redenoticia.com.br\/noticia\/wp-json\/wp\/v2\/posts\/76694","targetHints":{"allow":["GET"]}}],"collection":[{"href":"https:\/\/www.redenoticia.com.br\/noticia\/wp-json\/wp\/v2\/posts"}],"about":[{"href":"https:\/\/www.redenoticia.com.br\/noticia\/wp-json\/wp\/v2\/types\/post"}],"author":[{"embeddable":true,"href":"https:\/\/www.redenoticia.com.br\/noticia\/wp-json\/wp\/v2\/users\/2"}],"replies":[{"embeddable":true,"href":"https:\/\/www.redenoticia.com.br\/noticia\/wp-json\/wp\/v2\/comments?post=76694"}],"version-history":[{"count":0,"href":"https:\/\/www.redenoticia.com.br\/noticia\/wp-json\/wp\/v2\/posts\/76694\/revisions"}],"wp:featuredmedia":[{"embeddable":true,"href":"https:\/\/www.redenoticia.com.br\/noticia\/wp-json\/wp\/v2\/media\/38938"}],"wp:attachment":[{"href":"https:\/\/www.redenoticia.com.br\/noticia\/wp-json\/wp\/v2\/media?parent=76694"}],"wp:term":[{"taxonomy":"category","embeddable":true,"href":"https:\/\/www.redenoticia.com.br\/noticia\/wp-json\/wp\/v2\/categories?post=76694"},{"taxonomy":"post_tag","embeddable":true,"href":"https:\/\/www.redenoticia.com.br\/noticia\/wp-json\/wp\/v2\/tags?post=76694"}],"curies":[{"name":"wp","href":"https:\/\/api.w.org\/{rel}","templated":true}]}}