{"id":76669,"date":"2015-10-22T17:55:32","date_gmt":"2015-10-22T19:55:32","guid":{"rendered":"http:\/\/www.redenoticia.com.br\/noticia\/?p=76669"},"modified":"2015-10-22T17:55:32","modified_gmt":"2015-10-22T19:55:32","slug":"credito-bancario-para-empresas-esta-mais-dificil-revela-cni","status":"publish","type":"post","link":"https:\/\/www.redenoticia.com.br\/noticia\/2015\/credito-bancario-para-empresas-esta-mais-dificil-revela-cni\/76669","title":{"rendered":"Cr\u00e9dito banc\u00e1rio para empresas est\u00e1 mais dif\u00edcil, revela CNI"},"content":{"rendered":"<p>As dificuldades de <strong><em>acesso ao cr\u00e9dito banc\u00e1rio<\/em><\/strong>, por pessoas jur\u00eddicas, est\u00e3o maiores do que no auge da crise financeira de 2008 e 2009, revela a Sondagem Industrial divulgada pela Confedera\u00e7\u00e3o Nacional da Ind\u00fastria (CNI).<\/p>\n<p>Pesquisa da entidade industrial, feita na primeira metade de outubro com 2.468 empresas, revela que o indicador de facilidade de acesso ao cr\u00e9dito caiu pelo s\u00e9timo m\u00eas consecutivo e est\u00e1 em 29,9 pontos, em uma escala de zero a 100. Quanto menor o \u00edndice, maior a dificuldade.<\/p>\n<p>A sondagem da CNI revela tamb\u00e9m que os empres\u00e1rios estavam insatisfeitos com o lucro e a situa\u00e7\u00e3o financeira no terceiro trimestre (julho a setembro). O indicador de margem de lucro operacional ficou em 32,7 pontos, e o de satisfa\u00e7\u00e3o financeira em 38,9 pontos.<\/p>\n<p>Expectativas<\/p>\n<p>De acordo com os dados, os pre\u00e7os das mat\u00e9rias-primas tamb\u00e9m subiram no trimestre passado. Apesar disso e das incertezas econ\u00f4micas, a CNI aponta sinais positivos no horizonte, como a redu\u00e7\u00e3o do excesso de estoques, que caiu de 53 para 51,6 pontos.<\/p>\n<p>An\u00e1lise t\u00e9cnica da pesquisa ressalta que quanto mais pr\u00f3ximo da linha divis\u00f3ria de 50 pontos, mais ajustados os estoques. De acordo com o gerente-executivo de Pol\u00edtica Econ\u00f4mica da CNI, Fl\u00e1vio Castelo Branco, \u201co in\u00edcio de um processo de ajuste dos estoques \u00e9 muito positivo, porque, se consolidado, abre caminho para o aumento futuro da produ\u00e7\u00e3o\u201d.<\/p>\n<p>Outro ponto positivo \u00e9 o aumento do otimismo dos empres\u00e1rios em rela\u00e7\u00e3o \u00e0s vendas externas. O \u00edndice de expectativas nos pr\u00f3ximos seis meses passou de 50,2 pontos, em setembro, para 52,5 pontos. A disposi\u00e7\u00e3o de investimento tamb\u00e9m melhorou um pouco, com eleva\u00e7\u00e3o de 39,2 para 40,7 pontos, depois de nove quedas sucessivas.<\/p>\n<p>Mas nem todas as perspectivas s\u00e3o positivas. A forte oscila\u00e7\u00e3o do d\u00f3lar no ano fez com que a taxa de c\u00e2mbio subisse do oitavo para o quarto lugar no ranking das principais preocupa\u00e7\u00f5es do empresariado.<\/p>\n<p>Avalia\u00e7\u00e3o da CNI diz que a volatilidade do c\u00e2mbio dificulta qualquer an\u00e1lise das empresas para planejamento de exporta\u00e7\u00e3o, forma\u00e7\u00e3o de pre\u00e7os e investimento necess\u00e1rio para o esfor\u00e7o exportador.<\/p>\n<p>A maior preocupa\u00e7\u00e3o do setor continua a ser, por\u00e9m, a elevada carga tribut\u00e1ria, de acordo com 44,9% das respostas, seguida pela demanda interna insuficiente (42,2%) e o alto custo da energia (29,4%).<\/p>\n<p>St\u00eanio Ribeiro \u2013 Rep\u00f3rter da Ag\u00eancia Brasil<br \/>\nEdi\u00e7\u00e3o: Denise Griesinger<\/p>\n","protected":false},"excerpt":{"rendered":"<p>As dificuldades de acesso ao cr\u00e9dito banc\u00e1rio, por pessoas jur\u00eddicas, est\u00e3o maiores do que no auge da crise financeira de 2008 e 2009, revela a Sondagem Industrial divulgada pela Confedera\u00e7\u00e3o Nacional da Ind\u00fastria (CNI). Pesquisa da entidade industrial, feita na primeira metade de outubro com 2.468 empresas, revela que o indicador de facilidade de acesso [&hellip;]<\/p>\n","protected":false},"author":2,"featured_media":57584,"comment_status":"open","ping_status":"closed","sticky":false,"template":"","format":"standard","meta":{"_genesis_hide_title":false,"_genesis_hide_breadcrumbs":false,"_genesis_hide_singular_image":false,"_genesis_hide_footer_widgets":false,"_genesis_custom_body_class":"","_genesis_custom_post_class":"","_genesis_layout":"","_jetpack_memberships_contains_paid_content":false,"footnotes":""},"categories":[22,7],"tags":[],"class_list":{"0":"post-76669","1":"post","2":"type-post","3":"status-publish","4":"format-standard","5":"has-post-thumbnail","7":"category-brasil","8":"category-economia","9":"entry","10":"gs-1","11":"gs-odd","12":"gs-even","13":"gs-featured-content-entry"},"jetpack_featured_media_url":"https:\/\/www.redenoticia.com.br\/noticia\/imagens\/economia-grafica-analise-inflacao.jpg","jetpack_sharing_enabled":true,"jetpack_likes_enabled":true,"_links":{"self":[{"href":"https:\/\/www.redenoticia.com.br\/noticia\/wp-json\/wp\/v2\/posts\/76669","targetHints":{"allow":["GET"]}}],"collection":[{"href":"https:\/\/www.redenoticia.com.br\/noticia\/wp-json\/wp\/v2\/posts"}],"about":[{"href":"https:\/\/www.redenoticia.com.br\/noticia\/wp-json\/wp\/v2\/types\/post"}],"author":[{"embeddable":true,"href":"https:\/\/www.redenoticia.com.br\/noticia\/wp-json\/wp\/v2\/users\/2"}],"replies":[{"embeddable":true,"href":"https:\/\/www.redenoticia.com.br\/noticia\/wp-json\/wp\/v2\/comments?post=76669"}],"version-history":[{"count":0,"href":"https:\/\/www.redenoticia.com.br\/noticia\/wp-json\/wp\/v2\/posts\/76669\/revisions"}],"wp:featuredmedia":[{"embeddable":true,"href":"https:\/\/www.redenoticia.com.br\/noticia\/wp-json\/wp\/v2\/media\/57584"}],"wp:attachment":[{"href":"https:\/\/www.redenoticia.com.br\/noticia\/wp-json\/wp\/v2\/media?parent=76669"}],"wp:term":[{"taxonomy":"category","embeddable":true,"href":"https:\/\/www.redenoticia.com.br\/noticia\/wp-json\/wp\/v2\/categories?post=76669"},{"taxonomy":"post_tag","embeddable":true,"href":"https:\/\/www.redenoticia.com.br\/noticia\/wp-json\/wp\/v2\/tags?post=76669"}],"curies":[{"name":"wp","href":"https:\/\/api.w.org\/{rel}","templated":true}]}}