{"id":76667,"date":"2015-10-22T17:53:57","date_gmt":"2015-10-22T19:53:57","guid":{"rendered":"http:\/\/www.redenoticia.com.br\/noticia\/?p=76667"},"modified":"2015-10-22T17:53:57","modified_gmt":"2015-10-22T19:53:57","slug":"inadimplencia-com-cheques-em-setembro-e-a-maior-da-serie-historica-desde-1991","status":"publish","type":"post","link":"https:\/\/www.redenoticia.com.br\/noticia\/2015\/inadimplencia-com-cheques-em-setembro-e-a-maior-da-serie-historica-desde-1991\/76667","title":{"rendered":"Inadimpl\u00eancia com cheques em setembro \u00e9 a maior da s\u00e9rie hist\u00f3rica desde 1991"},"content":{"rendered":"<p> A <strong><em>inadimpl\u00eancia com cheques<\/em><\/strong> por falta de fundos alcan\u00e7ou o maior \u00edndice para o m\u00eas de setembro na s\u00e9rie hist\u00f3rica iniciada em 1991.<\/p>\n<p>Segundo o Indicador Serasa Experian de Cheques sem Fundos, o percentual de cheques devolvidos por insufici\u00eancia de fundos ficou em 2,21% em setembro.<\/p>\n<p>No m\u00eas anterior, o percentual foi 2,11% e, em setembro do ano passado, 1,84%.<\/p>\n<p>Para os economistas da Serasa Experian, o crescimento da inadimpl\u00eancia com cheques pode ser explicada pelo \u201cagravamento da situa\u00e7\u00e3o econ\u00f4mica do pa\u00eds com o aprofundamento da recess\u00e3o,com as eleva\u00e7\u00e3o das taxas de desemprego, da infla\u00e7\u00e3o e dos juros\u201d.<\/p>\n<p>Elaine Patricia Cruz &#8211; Rep\u00f3rter da Ag\u00eancia Brasil<br \/>\nEdi\u00e7\u00e3o: N\u00e1dia Franco<br \/>\n&#8212;<\/p>\n<p>A Empresa Brasil de Comunica\u00e7\u00e3o \u00e9 uma institui\u00e7\u00e3o da democracia brasileira: p\u00fablica, inclusiva e cidad\u00e3.  Criada em 2007 para fortalecer o sistema p\u00fablico de comunica\u00e7\u00e3o, \u00e9 gestora dos canais TV Brasil, TV Brasil Internacional, Ag\u00eancia Brasil, Radioag\u00eancia Nacional e do sistema p\u00fablico de R\u00e1dio \u2013 composto por oito emissoras. Estes, por sua independ\u00eancia editorial, distinguem-se dos canais estatais ou governamentais, com conte\u00fados diferenciados e complementares aos canais privados. Os ve\u00edculos da EBC t\u00eam autonomia para definir produ\u00e7\u00e3o, programa\u00e7\u00e3o e distribui\u00e7\u00e3o de conte\u00fados.<\/p>\n","protected":false},"excerpt":{"rendered":"<p>A inadimpl\u00eancia com cheques por falta de fundos alcan\u00e7ou o maior \u00edndice para o m\u00eas de setembro na s\u00e9rie hist\u00f3rica iniciada em 1991. Segundo o Indicador Serasa Experian de Cheques sem Fundos, o percentual de cheques devolvidos por insufici\u00eancia de fundos ficou em 2,21% em setembro. No m\u00eas anterior, o percentual foi 2,11% e, em [&hellip;]<\/p>\n","protected":false},"author":2,"featured_media":57583,"comment_status":"open","ping_status":"closed","sticky":false,"template":"","format":"standard","meta":{"_genesis_hide_title":false,"_genesis_hide_breadcrumbs":false,"_genesis_hide_singular_image":false,"_genesis_hide_footer_widgets":false,"_genesis_custom_body_class":"","_genesis_custom_post_class":"","_genesis_layout":"","_jetpack_memberships_contains_paid_content":false,"footnotes":""},"categories":[22,7],"tags":[],"class_list":{"0":"post-76667","1":"post","2":"type-post","3":"status-publish","4":"format-standard","5":"has-post-thumbnail","7":"category-brasil","8":"category-economia","9":"entry","10":"gs-1","11":"gs-odd","12":"gs-even","13":"gs-featured-content-entry"},"jetpack_featured_media_url":"https:\/\/www.redenoticia.com.br\/noticia\/imagens\/economia-grafico.jpg","jetpack_sharing_enabled":true,"jetpack_likes_enabled":true,"_links":{"self":[{"href":"https:\/\/www.redenoticia.com.br\/noticia\/wp-json\/wp\/v2\/posts\/76667","targetHints":{"allow":["GET"]}}],"collection":[{"href":"https:\/\/www.redenoticia.com.br\/noticia\/wp-json\/wp\/v2\/posts"}],"about":[{"href":"https:\/\/www.redenoticia.com.br\/noticia\/wp-json\/wp\/v2\/types\/post"}],"author":[{"embeddable":true,"href":"https:\/\/www.redenoticia.com.br\/noticia\/wp-json\/wp\/v2\/users\/2"}],"replies":[{"embeddable":true,"href":"https:\/\/www.redenoticia.com.br\/noticia\/wp-json\/wp\/v2\/comments?post=76667"}],"version-history":[{"count":0,"href":"https:\/\/www.redenoticia.com.br\/noticia\/wp-json\/wp\/v2\/posts\/76667\/revisions"}],"wp:featuredmedia":[{"embeddable":true,"href":"https:\/\/www.redenoticia.com.br\/noticia\/wp-json\/wp\/v2\/media\/57583"}],"wp:attachment":[{"href":"https:\/\/www.redenoticia.com.br\/noticia\/wp-json\/wp\/v2\/media?parent=76667"}],"wp:term":[{"taxonomy":"category","embeddable":true,"href":"https:\/\/www.redenoticia.com.br\/noticia\/wp-json\/wp\/v2\/categories?post=76667"},{"taxonomy":"post_tag","embeddable":true,"href":"https:\/\/www.redenoticia.com.br\/noticia\/wp-json\/wp\/v2\/tags?post=76667"}],"curies":[{"name":"wp","href":"https:\/\/api.w.org\/{rel}","templated":true}]}}