{"id":76665,"date":"2015-10-22T17:47:19","date_gmt":"2015-10-22T19:47:19","guid":{"rendered":"http:\/\/www.redenoticia.com.br\/noticia\/?p=76665"},"modified":"2015-10-22T17:47:19","modified_gmt":"2015-10-22T19:47:19","slug":"firjan-diz-que-governo-deve-adotar-medidas-para-conter-despesas-publicas","status":"publish","type":"post","link":"https:\/\/www.redenoticia.com.br\/noticia\/2015\/firjan-diz-que-governo-deve-adotar-medidas-para-conter-despesas-publicas\/76665","title":{"rendered":"Firjan diz que governo deve adotar medidas para conter despesas p\u00fablicas"},"content":{"rendered":"<p>A Federa\u00e7\u00e3o das Ind\u00fastrias do Rio de Janeiro (<strong><em>Firjan<\/em><\/strong>), ao analisar a decis\u00e3o do Comit\u00ea de Pol\u00edtica Monet\u00e1ria (Copom) do Banco Central em manter a taxa b\u00e1sica de juros da economia em 14,25% ao ano, informou, em nota, que \u00e9 necess\u00e1rio o governo dar in\u00edcio \u00e0 retomada da economia.<\/p>\n<p>\u201cEm um quadro que combina a mais forte recess\u00e3o desde 1990 com infla\u00e7\u00e3o e d\u00e9ficit p\u00fablico nos maiores n\u00edveis desde 2002, um efetivo ajuste fiscal \u00e9 a \u00fanica \u00e2ncora capaz de recuperar a confian\u00e7a de empresas e consumidores e dar in\u00edcio a um processo de retomada do crescimento\u201d.<\/p>\n<p>O comunicado diz que h\u00e1 necessidade de que sejam tomadas medidas concretas para conter as despesas p\u00fablicas.<\/p>\n<p>\u201cA parada do processo de alta da Selic precisa urgentemente ser complementada por sinais mais claros de enfrentamento do desequil\u00edbrio fiscal deste e dos pr\u00f3ximos anos, sob pena de perdermos o controle da evolu\u00e7\u00e3o da d\u00edvida p\u00fablica e da infla\u00e7\u00e3o, duas das principais conquistas da hist\u00f3ria econ\u00f4mica brasileira recente. Diante disso, o Sistema Firjan reitera a necessidade de medidas concretas para conter as despesas p\u00fablicas de natureza corrente, inclusive criando regras para seu crescimento, bem como de reformas estruturais para atacar a rigidez do Or\u00e7amento P\u00fablico Federal\u201d.<\/p>\n<p>Douglas Correa<br \/>\nEdi\u00e7\u00e3o: F\u00e1bio Massalli<\/p>\n","protected":false},"excerpt":{"rendered":"<p>A Federa\u00e7\u00e3o das Ind\u00fastrias do Rio de Janeiro (Firjan), ao analisar a decis\u00e3o do Comit\u00ea de Pol\u00edtica Monet\u00e1ria (Copom) do Banco Central em manter a taxa b\u00e1sica de juros da economia em 14,25% ao ano, informou, em nota, que \u00e9 necess\u00e1rio o governo dar in\u00edcio \u00e0 retomada da economia. \u201cEm um quadro que combina a [&hellip;]<\/p>\n","protected":false},"author":2,"featured_media":38938,"comment_status":"open","ping_status":"closed","sticky":false,"template":"","format":"standard","meta":{"_genesis_hide_title":false,"_genesis_hide_breadcrumbs":false,"_genesis_hide_singular_image":false,"_genesis_hide_footer_widgets":false,"_genesis_custom_body_class":"","_genesis_custom_post_class":"","_genesis_layout":"","_jetpack_memberships_contains_paid_content":false,"footnotes":""},"categories":[22,7],"tags":[],"class_list":{"0":"post-76665","1":"post","2":"type-post","3":"status-publish","4":"format-standard","5":"has-post-thumbnail","7":"category-brasil","8":"category-economia","9":"entry","10":"gs-1","11":"gs-odd","12":"gs-even","13":"gs-featured-content-entry"},"jetpack_featured_media_url":"https:\/\/www.redenoticia.com.br\/noticia\/imagens\/economia1.jpg","jetpack_sharing_enabled":true,"jetpack_likes_enabled":true,"_links":{"self":[{"href":"https:\/\/www.redenoticia.com.br\/noticia\/wp-json\/wp\/v2\/posts\/76665","targetHints":{"allow":["GET"]}}],"collection":[{"href":"https:\/\/www.redenoticia.com.br\/noticia\/wp-json\/wp\/v2\/posts"}],"about":[{"href":"https:\/\/www.redenoticia.com.br\/noticia\/wp-json\/wp\/v2\/types\/post"}],"author":[{"embeddable":true,"href":"https:\/\/www.redenoticia.com.br\/noticia\/wp-json\/wp\/v2\/users\/2"}],"replies":[{"embeddable":true,"href":"https:\/\/www.redenoticia.com.br\/noticia\/wp-json\/wp\/v2\/comments?post=76665"}],"version-history":[{"count":0,"href":"https:\/\/www.redenoticia.com.br\/noticia\/wp-json\/wp\/v2\/posts\/76665\/revisions"}],"wp:featuredmedia":[{"embeddable":true,"href":"https:\/\/www.redenoticia.com.br\/noticia\/wp-json\/wp\/v2\/media\/38938"}],"wp:attachment":[{"href":"https:\/\/www.redenoticia.com.br\/noticia\/wp-json\/wp\/v2\/media?parent=76665"}],"wp:term":[{"taxonomy":"category","embeddable":true,"href":"https:\/\/www.redenoticia.com.br\/noticia\/wp-json\/wp\/v2\/categories?post=76665"},{"taxonomy":"post_tag","embeddable":true,"href":"https:\/\/www.redenoticia.com.br\/noticia\/wp-json\/wp\/v2\/tags?post=76665"}],"curies":[{"name":"wp","href":"https:\/\/api.w.org\/{rel}","templated":true}]}}