{"id":76610,"date":"2015-10-21T16:40:46","date_gmt":"2015-10-21T18:40:46","guid":{"rendered":"http:\/\/www.redenoticia.com.br\/noticia\/?p=76610"},"modified":"2015-10-21T16:40:46","modified_gmt":"2015-10-21T18:40:46","slug":"cepal-estima-queda-de-14-nas-exportacoes-da-america-latina-em-2015","status":"publish","type":"post","link":"https:\/\/www.redenoticia.com.br\/noticia\/2015\/cepal-estima-queda-de-14-nas-exportacoes-da-america-latina-em-2015\/76610","title":{"rendered":"Cepal estima queda de 14% nas exporta\u00e7\u00f5es da Am\u00e9rica Latina em 2015"},"content":{"rendered":"<p>O valor das <strong><em>exporta\u00e7\u00f5es<\/em><\/strong> da Am\u00e9rica Latina e do Caribe dever\u00e1 diminuir, pelo terceiro ano consecutivo em 2015, e a queda ser\u00e1 de 14%, segundo as novas proje\u00e7\u00f5es da Comiss\u00e3o Econ\u00f4mica para a Am\u00e9rica Latina e o Caribe (Cepal).<\/p>\n<p>O relat\u00f3rio Panorama da Inser\u00e7\u00e3o Internacional da Am\u00e9rica Latina e Caribe 2015 informa que as fortes quedas nos pre\u00e7os das mat\u00e9rias-primas e uma menor demanda internacional pelos produtos que a regi\u00e3o exporta afetaram as vendas ao exterior. Em 2014 e 2013, as exporta\u00e7\u00f5es ca\u00edram 3% e 0,4%, respectivamente.<\/p>\n<p>A desacelera\u00e7\u00e3o da economia chinesa desde 2012 tamb\u00e9m explica a queda das exporta\u00e7\u00f5es latino-americanas e caribenhas, especialmente nos pa\u00edses que mais dependem das vendas para o pa\u00eds asi\u00e1tico, ressalta o organismo da ONU. Segundo o estudo, esta nova realidade pode representar uma oportunidade para a regi\u00e3o diversificar suas vendas para a China<\/p>\n<p>O relat\u00f3rio indica que a queda do valor das exporta\u00e7\u00f5es ser\u00e1 mais aguda em pa\u00edses exportadores de petr\u00f3leo e seus derivados e de mat\u00e9rias-primas. A Venezuela dever\u00e1 ter uma contra\u00e7\u00e3o de 41% nas vendas externas; Bol\u00edvia, 30%; Col\u00f4mbia, 29%; Argentina e Chile, 17% e Brasil, 15%. M\u00e9xico e Am\u00e9rica Central ter\u00e3o queda menor nas exporta\u00e7\u00f5es, de 4%, por causa das vendas para os Estados Unidos, o principal destino de seus embarques.<\/p>\n<p>De acordo com a Cepal, \u00e9 prov\u00e1vel que as exporta\u00e7\u00f5es da regi\u00e3o voltem a cair em 2016, visto que n\u00e3o h\u00e1 perspectivas de uma recupera\u00e7\u00e3o dos pre\u00e7os das commodities para o pr\u00f3ximo ano.<\/p>\n<p>A Cepal prop\u00f5e que a regi\u00e3o coloque maior \u00eanfase no com\u00e9rcio intrarregional ao implementar os acordos de facilita\u00e7\u00e3o de com\u00e9rcio e na negocia\u00e7\u00e3o em bloco com outras regi\u00f5es do mundo como sa\u00eddas para a crise.<\/p>\n<p>\u201cA regi\u00e3o est\u00e1 em uma encruzilhada: ou segue no atual caminho restringido pelo contexto global ou se compromete com uma inser\u00e7\u00e3o internacional mais ativa que privilegie a pol\u00edtica industrial, a diversifica\u00e7\u00e3o, a facilita\u00e7\u00e3o de com\u00e9rcio e a integra\u00e7\u00e3o intrarregional\u201d, disse, em nota, a secret\u00e1ria executiva da Comiss\u00e3o, Alicia B\u00e1rcena<\/p>\n<p>Ana Cristina Campos &#8211; Rep\u00f3rter da Ag\u00eancia Brasil<br \/>\nEdi\u00e7\u00e3o: Jorge Wamburg<\/p>\n","protected":false},"excerpt":{"rendered":"<p>O valor das exporta\u00e7\u00f5es da Am\u00e9rica Latina e do Caribe dever\u00e1 diminuir, pelo terceiro ano consecutivo em 2015, e a queda ser\u00e1 de 14%, segundo as novas proje\u00e7\u00f5es da Comiss\u00e3o Econ\u00f4mica para a Am\u00e9rica Latina e o Caribe (Cepal). O relat\u00f3rio Panorama da Inser\u00e7\u00e3o Internacional da Am\u00e9rica Latina e Caribe 2015 informa que as fortes [&hellip;]<\/p>\n","protected":false},"author":2,"featured_media":40734,"comment_status":"open","ping_status":"closed","sticky":false,"template":"","format":"standard","meta":{"_genesis_hide_title":false,"_genesis_hide_breadcrumbs":false,"_genesis_hide_singular_image":false,"_genesis_hide_footer_widgets":false,"_genesis_custom_body_class":"","_genesis_custom_post_class":"","_genesis_layout":"","_jetpack_memberships_contains_paid_content":false,"footnotes":""},"categories":[22,7],"tags":[],"class_list":{"0":"post-76610","1":"post","2":"type-post","3":"status-publish","4":"format-standard","5":"has-post-thumbnail","7":"category-brasil","8":"category-economia","9":"entry","10":"gs-1","11":"gs-odd","12":"gs-even","13":"gs-featured-content-entry"},"jetpack_featured_media_url":"https:\/\/www.redenoticia.com.br\/noticia\/imagens\/economia-resultados.jpg","jetpack_sharing_enabled":true,"jetpack_likes_enabled":true,"_links":{"self":[{"href":"https:\/\/www.redenoticia.com.br\/noticia\/wp-json\/wp\/v2\/posts\/76610","targetHints":{"allow":["GET"]}}],"collection":[{"href":"https:\/\/www.redenoticia.com.br\/noticia\/wp-json\/wp\/v2\/posts"}],"about":[{"href":"https:\/\/www.redenoticia.com.br\/noticia\/wp-json\/wp\/v2\/types\/post"}],"author":[{"embeddable":true,"href":"https:\/\/www.redenoticia.com.br\/noticia\/wp-json\/wp\/v2\/users\/2"}],"replies":[{"embeddable":true,"href":"https:\/\/www.redenoticia.com.br\/noticia\/wp-json\/wp\/v2\/comments?post=76610"}],"version-history":[{"count":0,"href":"https:\/\/www.redenoticia.com.br\/noticia\/wp-json\/wp\/v2\/posts\/76610\/revisions"}],"wp:featuredmedia":[{"embeddable":true,"href":"https:\/\/www.redenoticia.com.br\/noticia\/wp-json\/wp\/v2\/media\/40734"}],"wp:attachment":[{"href":"https:\/\/www.redenoticia.com.br\/noticia\/wp-json\/wp\/v2\/media?parent=76610"}],"wp:term":[{"taxonomy":"category","embeddable":true,"href":"https:\/\/www.redenoticia.com.br\/noticia\/wp-json\/wp\/v2\/categories?post=76610"},{"taxonomy":"post_tag","embeddable":true,"href":"https:\/\/www.redenoticia.com.br\/noticia\/wp-json\/wp\/v2\/tags?post=76610"}],"curies":[{"name":"wp","href":"https:\/\/api.w.org\/{rel}","templated":true}]}}