{"id":76602,"date":"2015-10-21T16:35:08","date_gmt":"2015-10-21T18:35:08","guid":{"rendered":"http:\/\/www.redenoticia.com.br\/noticia\/?p=76602"},"modified":"2015-10-21T16:35:08","modified_gmt":"2015-10-21T18:35:08","slug":"parecer-do-tcu-que-rejeita-contas-de-2014-comeca-a-tramitar-no-congresso","status":"publish","type":"post","link":"https:\/\/www.redenoticia.com.br\/noticia\/2015\/parecer-do-tcu-que-rejeita-contas-de-2014-comeca-a-tramitar-no-congresso\/76602","title":{"rendered":"Parecer do TCU que rejeita contas de 2014 come\u00e7a a tramitar no Congresso"},"content":{"rendered":"<p>O senador D\u00e1rio Berger (PSDB-SC) leu, no plen\u00e1rio do Senado, o despacho do presidente da Casa e do Congresso Nacional, senador Renan Calheiros (PMDB-AL), no qual ele oficializa o recebimento do ac\u00f3rd\u00e3o do Tribunal de Contas da Uni\u00e3o (TCU) que recomenda a <strong><em>rejei\u00e7\u00e3o das contas do governo<\/em><\/strong> federal referentes ao exerc\u00edcio financeiro de 2014. Na pr\u00e1tica, isso d\u00e1 in\u00edcio \u00e0 tramita\u00e7\u00e3o do ac\u00f3rd\u00e3o para que ele seja votado pelo Congresso em sess\u00e3o conjunta da C\u00e2mara e do Senado posteriormente.<\/p>\n<p>No despacho, o presidente encaminha o documento para an\u00e1lise da Comiss\u00e3o Mista de Or\u00e7amento (CMO) e comunica a C\u00e2mara dos Deputados. Agora, a CMO ter\u00e1 77 dias para discutir o ac\u00f3rd\u00e3o e apresentar relat\u00f3rio no qual a sugest\u00e3o de rejei\u00e7\u00e3o das contas poder\u00e1 ser acatada ou modificada pelo relator.<\/p>\n<p>Havia expectativa de que, antes de encaminhar para a comiss\u00e3o, o presidente Renan Calheiros abrisse prazo para que o governo apresentasse nova defesa, mas o despacho n\u00e3o tratou disso. No entanto, o governo poder\u00e1 se manifestar posteriormente durante o processo de debate na CMO.<\/p>\n<p>Mariana Jungmann &#8211; Rep\u00f3rter da Ag\u00eancia Brasil<br \/>\nEdi\u00e7\u00e3o: F\u00e1bio Massalli<\/p>\n","protected":false},"excerpt":{"rendered":"<p>O senador D\u00e1rio Berger (PSDB-SC) leu, no plen\u00e1rio do Senado, o despacho do presidente da Casa e do Congresso Nacional, senador Renan Calheiros (PMDB-AL), no qual ele oficializa o recebimento do ac\u00f3rd\u00e3o do Tribunal de Contas da Uni\u00e3o (TCU) que recomenda a rejei\u00e7\u00e3o das contas do governo federal referentes ao exerc\u00edcio financeiro de 2014. Na [&hellip;]<\/p>\n","protected":false},"author":2,"featured_media":38938,"comment_status":"open","ping_status":"closed","sticky":false,"template":"","format":"standard","meta":{"_genesis_hide_title":false,"_genesis_hide_breadcrumbs":false,"_genesis_hide_singular_image":false,"_genesis_hide_footer_widgets":false,"_genesis_custom_body_class":"","_genesis_custom_post_class":"","_genesis_layout":"","_jetpack_memberships_contains_paid_content":false,"footnotes":""},"categories":[22],"tags":[],"class_list":{"0":"post-76602","1":"post","2":"type-post","3":"status-publish","4":"format-standard","5":"has-post-thumbnail","7":"category-brasil","8":"entry","9":"gs-1","10":"gs-odd","11":"gs-even","12":"gs-featured-content-entry"},"jetpack_featured_media_url":"https:\/\/www.redenoticia.com.br\/noticia\/imagens\/economia1.jpg","jetpack_sharing_enabled":true,"jetpack_likes_enabled":true,"_links":{"self":[{"href":"https:\/\/www.redenoticia.com.br\/noticia\/wp-json\/wp\/v2\/posts\/76602","targetHints":{"allow":["GET"]}}],"collection":[{"href":"https:\/\/www.redenoticia.com.br\/noticia\/wp-json\/wp\/v2\/posts"}],"about":[{"href":"https:\/\/www.redenoticia.com.br\/noticia\/wp-json\/wp\/v2\/types\/post"}],"author":[{"embeddable":true,"href":"https:\/\/www.redenoticia.com.br\/noticia\/wp-json\/wp\/v2\/users\/2"}],"replies":[{"embeddable":true,"href":"https:\/\/www.redenoticia.com.br\/noticia\/wp-json\/wp\/v2\/comments?post=76602"}],"version-history":[{"count":0,"href":"https:\/\/www.redenoticia.com.br\/noticia\/wp-json\/wp\/v2\/posts\/76602\/revisions"}],"wp:featuredmedia":[{"embeddable":true,"href":"https:\/\/www.redenoticia.com.br\/noticia\/wp-json\/wp\/v2\/media\/38938"}],"wp:attachment":[{"href":"https:\/\/www.redenoticia.com.br\/noticia\/wp-json\/wp\/v2\/media?parent=76602"}],"wp:term":[{"taxonomy":"category","embeddable":true,"href":"https:\/\/www.redenoticia.com.br\/noticia\/wp-json\/wp\/v2\/categories?post=76602"},{"taxonomy":"post_tag","embeddable":true,"href":"https:\/\/www.redenoticia.com.br\/noticia\/wp-json\/wp\/v2\/tags?post=76602"}],"curies":[{"name":"wp","href":"https:\/\/api.w.org\/{rel}","templated":true}]}}