{"id":76598,"date":"2015-10-21T16:32:57","date_gmt":"2015-10-21T18:32:57","guid":{"rendered":"http:\/\/www.redenoticia.com.br\/noticia\/?p=76598"},"modified":"2015-10-21T16:32:57","modified_gmt":"2015-10-21T18:32:57","slug":"el-nino-deste-ano-deve-se-igualar-ao-mais-forte-ja-registrado-alerta-nasa","status":"publish","type":"post","link":"https:\/\/www.redenoticia.com.br\/noticia\/2015\/el-nino-deste-ano-deve-se-igualar-ao-mais-forte-ja-registrado-alerta-nasa\/76598","title":{"rendered":"El Ni\u00f1o deste ano deve se igualar ao mais forte j\u00e1 registrado, alerta Nasa"},"content":{"rendered":"<p>O <strong><em>El Ni\u00f1o<\/em><\/strong> registrado no per\u00edodo 2015\/2016 deve se igualar ao de 1997\/1998, o mais forte j\u00e1 identificado at\u00e9 o momento. O alerta \u00e9 da ag\u00eancia espacial norte-americana (Nasa, na sigla em ingl\u00eas). O fen\u00f4meno clim\u00e1tico \u00e9 caracterizado pelo aquecimento fora do normal das \u00e1guas superficiais e subsuperficiais do Oceano Pac\u00edfico Equatorial.<\/p>\n<p>A Nasa informou ainda que, neste ano, os impactos do El Ni\u00f1o em todo o mundo ser\u00e3o melhor observados do espa\u00e7o do que em qualquer outro ano, por meio do uso de sat\u00e9lites e de superprocessadores de dados. \u201cNas duas \u00faltimas d\u00e9cadas, fizemos grande progresso em reunir e analisar dados que podem ajudar os pesquisadores a entender mais os mecanismos e os impactos globais desse fen\u00f4meno\u201d.<\/p>\n<p>No Brasil, o Instituto Nacional de Meteorologia (Inmet) informou que as varia\u00e7\u00f5es clim\u00e1ticas registradas nas \u00faltimas semanas s\u00e3o resultado do El Ni\u00f1o e confirmou que o fen\u00f4meno este ano est\u00e1 mais intenso que o normal. Enquanto a Regi\u00e3o Sul sofre com fortes chuvas e tempestades de granizo, moradores da regi\u00e3o central do pa\u00eds buscam formas de se proteger do sol, enfrentar as altas temperaturas e a baixa umidade.<\/p>\n<p>Paula Laboissi\u00e8re* &#8211; Rep\u00f3rter da Ag\u00eancia Brasil<br \/>\n*Colaborou Ivan Richard<br \/>\nEdi\u00e7\u00e3o: Gra\u00e7a Adjuto<\/p>\n","protected":false},"excerpt":{"rendered":"<p>O El Ni\u00f1o registrado no per\u00edodo 2015\/2016 deve se igualar ao de 1997\/1998, o mais forte j\u00e1 identificado at\u00e9 o momento. O alerta \u00e9 da ag\u00eancia espacial norte-americana (Nasa, na sigla em ingl\u00eas). O fen\u00f4meno clim\u00e1tico \u00e9 caracterizado pelo aquecimento fora do normal das \u00e1guas superficiais e subsuperficiais do Oceano Pac\u00edfico Equatorial. A Nasa informou [&hellip;]<\/p>\n","protected":false},"author":2,"featured_media":26302,"comment_status":"open","ping_status":"closed","sticky":false,"template":"","format":"standard","meta":{"_genesis_hide_title":false,"_genesis_hide_breadcrumbs":false,"_genesis_hide_singular_image":false,"_genesis_hide_footer_widgets":false,"_genesis_custom_body_class":"","_genesis_custom_post_class":"","_genesis_layout":"","_jetpack_memberships_contains_paid_content":false,"footnotes":""},"categories":[22],"tags":[],"class_list":{"0":"post-76598","1":"post","2":"type-post","3":"status-publish","4":"format-standard","5":"has-post-thumbnail","7":"category-brasil","8":"entry","9":"gs-1","10":"gs-odd","11":"gs-even","12":"gs-featured-content-entry"},"jetpack_featured_media_url":"https:\/\/www.redenoticia.com.br\/noticia\/imagens\/previsao-tempo-clima-temperatura-.jpg","jetpack_sharing_enabled":true,"jetpack_likes_enabled":true,"_links":{"self":[{"href":"https:\/\/www.redenoticia.com.br\/noticia\/wp-json\/wp\/v2\/posts\/76598","targetHints":{"allow":["GET"]}}],"collection":[{"href":"https:\/\/www.redenoticia.com.br\/noticia\/wp-json\/wp\/v2\/posts"}],"about":[{"href":"https:\/\/www.redenoticia.com.br\/noticia\/wp-json\/wp\/v2\/types\/post"}],"author":[{"embeddable":true,"href":"https:\/\/www.redenoticia.com.br\/noticia\/wp-json\/wp\/v2\/users\/2"}],"replies":[{"embeddable":true,"href":"https:\/\/www.redenoticia.com.br\/noticia\/wp-json\/wp\/v2\/comments?post=76598"}],"version-history":[{"count":0,"href":"https:\/\/www.redenoticia.com.br\/noticia\/wp-json\/wp\/v2\/posts\/76598\/revisions"}],"wp:featuredmedia":[{"embeddable":true,"href":"https:\/\/www.redenoticia.com.br\/noticia\/wp-json\/wp\/v2\/media\/26302"}],"wp:attachment":[{"href":"https:\/\/www.redenoticia.com.br\/noticia\/wp-json\/wp\/v2\/media?parent=76598"}],"wp:term":[{"taxonomy":"category","embeddable":true,"href":"https:\/\/www.redenoticia.com.br\/noticia\/wp-json\/wp\/v2\/categories?post=76598"},{"taxonomy":"post_tag","embeddable":true,"href":"https:\/\/www.redenoticia.com.br\/noticia\/wp-json\/wp\/v2\/tags?post=76598"}],"curies":[{"name":"wp","href":"https:\/\/api.w.org\/{rel}","templated":true}]}}