{"id":76596,"date":"2015-10-21T16:30:31","date_gmt":"2015-10-21T18:30:31","guid":{"rendered":"http:\/\/www.redenoticia.com.br\/noticia\/?p=76596"},"modified":"2015-10-21T16:30:31","modified_gmt":"2015-10-21T18:30:31","slug":"procon-sp-da-dicas-para-contratar-servicos-de-casamento","status":"publish","type":"post","link":"https:\/\/www.redenoticia.com.br\/noticia\/2015\/procon-sp-da-dicas-para-contratar-servicos-de-casamento\/76596","title":{"rendered":"Procon-SP d\u00e1 dicas para contratar servi\u00e7os de casamento"},"content":{"rendered":"<p> Preparar uma <strong><em>festa de casamento<\/em><\/strong> \u00e9 especial e uma data \u00fanica, por isso \u00e9 importante muita aten\u00e7\u00e3o na hora de contratar buf\u00eas e prestadores de servi\u00e7os para a comemora\u00e7\u00e3o. Para ajudar o consumidor, a Funda\u00e7\u00e3o Procon-SP d\u00e1 algumas dicas.<\/p>\n<p>Antes de contratar os servi\u00e7os de buf\u00ea \u00e9 importante buscar refer\u00eancias, visitar os sal\u00f5es e pedir provas do card\u00e1pio. Saber sobre a reputa\u00e7\u00e3o da empresa tamb\u00e9m \u00e9 fundamental, por isso o consumidor deve pesquisar bastante. \u00c9 poss\u00edvel consultar processos em nome da empresa nos Tribunais de Justi\u00e7a de cada Estado para checar se o local escolhido tem problemas e consumidores insatisfeitos.<\/p>\n<p>Antes de contratar os servi\u00e7os de buf\u00ea tamb\u00e9m \u00e9 importante verificar a licen\u00e7a de funcionamento e se a documenta\u00e7\u00e3o est\u00e1 em dia. Depois de definir o n\u00famero de convidados, um or\u00e7amento com a quantidade e os pre\u00e7os de cada item deve ser solicitado, assim como as formas de pagamento.<\/p>\n<p>Tudo o que for combinado verbalmente deve ser registrado em contrato, principalmente as condi\u00e7\u00f5es para cancelamento. Uma via do documento, assinada pelas partes, pertence ao consumidor. \u00c9 necess\u00e1rio ficar atento \u00e0s cl\u00e1usulas que fixam multa por rescis\u00e3o, cancelamento e devolu\u00e7\u00e3o de valores. A forma de pagamento deve ser negociada, evitando o pagamento total muito antes da festa.<\/p>\n<p>De acordo com o C\u00f3digo de Defesa do Consumidor, se o combinado n\u00e3o for cumprido, o consumidor pode exigir o cumprimento for\u00e7ado nos termos da oferta, aceitar outro produto ou presta\u00e7\u00e3o de servi\u00e7o equivalente ou rescindir o contrato, com direito \u00e0 restitui\u00e7\u00e3o da quantia paga atualizada.<\/p>\n<p>Por\u00e9m em situa\u00e7\u00f5es que n\u00e3o h\u00e1 reparo, o consumidor pode ingressar judicialmente, raz\u00e3o pela qual os cuidados preventivos ganham mais import\u00e2ncia.<\/p>\n<p>Reclama\u00e7\u00f5es<br \/>\nNo primeiro semestre de 2015 o Procon-SP recebeu 340 reclama\u00e7\u00f5es, sendo 77 pela n\u00e3o execu\u00e7\u00e3o do servi\u00e7o. Em muitos casos os fornecedores fecham as portas, sem maiores explica\u00e7\u00f5es, ap\u00f3s receberem antecipadamente pelos servi\u00e7os.<\/p>\n<p>Do Portal do Governo do Estado SP<\/p>\n","protected":false},"excerpt":{"rendered":"<p>Preparar uma festa de casamento \u00e9 especial e uma data \u00fanica, por isso \u00e9 importante muita aten\u00e7\u00e3o na hora de contratar buf\u00eas e prestadores de servi\u00e7os para a comemora\u00e7\u00e3o. Para ajudar o consumidor, a Funda\u00e7\u00e3o Procon-SP d\u00e1 algumas dicas. Antes de contratar os servi\u00e7os de buf\u00ea \u00e9 importante buscar refer\u00eancias, visitar os sal\u00f5es e pedir [&hellip;]<\/p>\n","protected":false},"author":2,"featured_media":36215,"comment_status":"open","ping_status":"closed","sticky":false,"template":"","format":"standard","meta":{"_genesis_hide_title":false,"_genesis_hide_breadcrumbs":false,"_genesis_hide_singular_image":false,"_genesis_hide_footer_widgets":false,"_genesis_custom_body_class":"","_genesis_custom_post_class":"","_genesis_layout":"","_jetpack_memberships_contains_paid_content":false,"footnotes":""},"categories":[22],"tags":[],"class_list":{"0":"post-76596","1":"post","2":"type-post","3":"status-publish","4":"format-standard","5":"has-post-thumbnail","7":"category-brasil","8":"entry","9":"gs-1","10":"gs-odd","11":"gs-even","12":"gs-featured-content-entry"},"jetpack_featured_media_url":"https:\/\/www.redenoticia.com.br\/noticia\/imagens\/alimento-pao-salgados.jpg","jetpack_sharing_enabled":true,"jetpack_likes_enabled":true,"_links":{"self":[{"href":"https:\/\/www.redenoticia.com.br\/noticia\/wp-json\/wp\/v2\/posts\/76596","targetHints":{"allow":["GET"]}}],"collection":[{"href":"https:\/\/www.redenoticia.com.br\/noticia\/wp-json\/wp\/v2\/posts"}],"about":[{"href":"https:\/\/www.redenoticia.com.br\/noticia\/wp-json\/wp\/v2\/types\/post"}],"author":[{"embeddable":true,"href":"https:\/\/www.redenoticia.com.br\/noticia\/wp-json\/wp\/v2\/users\/2"}],"replies":[{"embeddable":true,"href":"https:\/\/www.redenoticia.com.br\/noticia\/wp-json\/wp\/v2\/comments?post=76596"}],"version-history":[{"count":0,"href":"https:\/\/www.redenoticia.com.br\/noticia\/wp-json\/wp\/v2\/posts\/76596\/revisions"}],"wp:featuredmedia":[{"embeddable":true,"href":"https:\/\/www.redenoticia.com.br\/noticia\/wp-json\/wp\/v2\/media\/36215"}],"wp:attachment":[{"href":"https:\/\/www.redenoticia.com.br\/noticia\/wp-json\/wp\/v2\/media?parent=76596"}],"wp:term":[{"taxonomy":"category","embeddable":true,"href":"https:\/\/www.redenoticia.com.br\/noticia\/wp-json\/wp\/v2\/categories?post=76596"},{"taxonomy":"post_tag","embeddable":true,"href":"https:\/\/www.redenoticia.com.br\/noticia\/wp-json\/wp\/v2\/tags?post=76596"}],"curies":[{"name":"wp","href":"https:\/\/api.w.org\/{rel}","templated":true}]}}