{"id":76592,"date":"2015-10-21T16:41:32","date_gmt":"2015-10-21T18:41:32","guid":{"rendered":"http:\/\/www.redenoticia.com.br\/noticia\/?p=76592"},"modified":"2015-10-21T16:41:32","modified_gmt":"2015-10-21T18:41:32","slug":"de-janeiro-a-outubro-de-2015-previa-da-inflacao-oficial-chega-a-849","status":"publish","type":"post","link":"https:\/\/www.redenoticia.com.br\/noticia\/2015\/de-janeiro-a-outubro-de-2015-previa-da-inflacao-oficial-chega-a-849\/76592","title":{"rendered":"De janeiro a outubro de 2015, pr\u00e9via da infla\u00e7\u00e3o oficial chega a 8,49%"},"content":{"rendered":"<p>O <strong><em>\u00cdndice Nacional de Pre\u00e7os ao Consumidor Amplo<\/em><\/strong> 15 (IPCA-15) chegou a 8,49% no per\u00edodo de janeiro a outubro de 2015, informou o Instituto Brasileiro de Geografia e Estat\u00edstica (IBGE). Em 2014, o \u00edndice correspondente ao mesmo per\u00edodo ficou em 5,23%. O \u00edndice deste ano foi o mais elevado acumulado de janeiro a outubro desde 2003, quando alcan\u00e7ou 9,17%.<\/p>\n<p>O IPCA-15 \u00e9 uma pr\u00e9via da infla\u00e7\u00e3o oficial do pa\u00eds, baseada no \u00cdndice Nacional de Pre\u00e7os ao Consumidor Amplo (IPCA). A coleta de dados do IPCA-15 ocorreu no per\u00edodo de 15 de setembro a 14 do m\u00eas de outubro.<\/p>\n<p>O IPCA-15 teve varia\u00e7\u00e3o de 0,66% em outubro e ficou 0,27 ponto percentual acima da taxa de setembro (0,39%). Esse foi o \u00edndice mais elevado para um m\u00eas de outubro desde 2002 (0,90%). Quanto aos \u00faltimos 12 meses (9,77%), a taxa acumulada ficou n\u00e3o somente acima dos 12 meses imediatamente anteriores (9,57%) como foi a mais elevada desde dezembro de 2003 (9,86%). Em outubro de 2014 o IPCA-15 chegou a 0,48%.<\/p>\n<p>O \u00edndice do m\u00eas foi influenciado pelos tr\u00eas grupos que mais pesam no or\u00e7amento das fam\u00edlias: habita\u00e7\u00e3o, com alta de 1,15%, transportes (0,80%) e alimenta\u00e7\u00e3o e bebidas (0,62%). Os \u00edndices somados foram respons\u00e1veis por 72,73% do resultado do IPCA-15 de outubro.<\/p>\n<p>Botij\u00e3o de g\u00e1s<\/p>\n<p>Individualmente, o impacto mais elevado foi exercido pelo item botij\u00e3o de g\u00e1s, do grupo habita\u00e7\u00e3o (1,15%). Os pre\u00e7os desse item aumentaram 10,22% em outubro, depois de subirem 5,34% em setembro, acumulando 16,11% nestes dois meses. Este foi o reflexo, nos pontos de distribui\u00e7\u00e3o ao consumidor, do reajuste de 15% nas refinarias autorizado pela Petrobras, com vig\u00eancia a partir de 1\u00ba de setembro.<\/p>\n<p>Nos transportes (0,80%), o principal destaque ficou com a gasolina, 1,70% mais cara, refletindo, nas bombas, parte do reajuste de 6% nas refinarias autorizado pela Petrobras, com vig\u00eancia a partir de 30 de setembro. Al\u00e9m disso, o etanol subiu 4,83% nas bombas, contribuindo tamb\u00e9m para a alta da gasolina, j\u00e1 que faz parte de sua composi\u00e7\u00e3o.<\/p>\n<p>No grupo alimenta\u00e7\u00e3o e bebidas (0,62%), os alimentos consumidos em casa subiram 0,39%, enquanto a alimenta\u00e7\u00e3o fora de casa teve alta de 1,06%. V\u00e1rios produtos subiram de um m\u00eas para o outro, entre eles o frango inteiro (5,11%), batata-inglesa (4,22%), arroz (2,15%), p\u00e3o franc\u00eas (1,14%), carnes (0.97%) e a refei\u00e7\u00e3o fora de casa (1,15%).<\/p>\n<p>O maior \u00edndice regional foi o de Bras\u00edlia (1,28%), influenciado pela alta de 26,67% no item \u00f4nibus urbano, cujas tarifas foram reajustadas em 33,34%, a partir de 20 de setembro. A energia el\u00e9trica (4,55%), cujas contas ficaram 18,26% mais caras desde 26 de agosto tamb\u00e9m influiu. O menor \u00edndice foi o da regi\u00e3o metropolitana de Recife (0,24%).<\/p>\n<p>A popula\u00e7\u00e3o pesquisada pelo IPCA-15 abrange fam\u00edlias com rendimentos mensais compreendidos entre um e 40 sal\u00e1rios-m\u00ednimos, incluindo qualquer fonte de rendimentos, e residentes nas \u00e1reas urbanas das regi\u00f5es.<\/p>\n<p>Da Ag\u00eancia Brasil<br \/>\nEdi\u00e7\u00e3o: Jos\u00e9 Romildo<\/p>\n","protected":false},"excerpt":{"rendered":"<p>O \u00cdndice Nacional de Pre\u00e7os ao Consumidor Amplo 15 (IPCA-15) chegou a 8,49% no per\u00edodo de janeiro a outubro de 2015, informou o Instituto Brasileiro de Geografia e Estat\u00edstica (IBGE). Em 2014, o \u00edndice correspondente ao mesmo per\u00edodo ficou em 5,23%. O \u00edndice deste ano foi o mais elevado acumulado de janeiro a outubro desde [&hellip;]<\/p>\n","protected":false},"author":2,"featured_media":57582,"comment_status":"open","ping_status":"closed","sticky":false,"template":"","format":"standard","meta":{"_genesis_hide_title":false,"_genesis_hide_breadcrumbs":false,"_genesis_hide_singular_image":false,"_genesis_hide_footer_widgets":false,"_genesis_custom_body_class":"","_genesis_custom_post_class":"","_genesis_layout":"","_jetpack_memberships_contains_paid_content":false,"footnotes":""},"categories":[22,7],"tags":[],"class_list":{"0":"post-76592","1":"post","2":"type-post","3":"status-publish","4":"format-standard","5":"has-post-thumbnail","7":"category-brasil","8":"category-economia","9":"entry","10":"gs-1","11":"gs-odd","12":"gs-even","13":"gs-featured-content-entry"},"jetpack_featured_media_url":"https:\/\/www.redenoticia.com.br\/noticia\/imagens\/grafico1.jpg","jetpack_sharing_enabled":true,"jetpack_likes_enabled":true,"_links":{"self":[{"href":"https:\/\/www.redenoticia.com.br\/noticia\/wp-json\/wp\/v2\/posts\/76592","targetHints":{"allow":["GET"]}}],"collection":[{"href":"https:\/\/www.redenoticia.com.br\/noticia\/wp-json\/wp\/v2\/posts"}],"about":[{"href":"https:\/\/www.redenoticia.com.br\/noticia\/wp-json\/wp\/v2\/types\/post"}],"author":[{"embeddable":true,"href":"https:\/\/www.redenoticia.com.br\/noticia\/wp-json\/wp\/v2\/users\/2"}],"replies":[{"embeddable":true,"href":"https:\/\/www.redenoticia.com.br\/noticia\/wp-json\/wp\/v2\/comments?post=76592"}],"version-history":[{"count":0,"href":"https:\/\/www.redenoticia.com.br\/noticia\/wp-json\/wp\/v2\/posts\/76592\/revisions"}],"wp:featuredmedia":[{"embeddable":true,"href":"https:\/\/www.redenoticia.com.br\/noticia\/wp-json\/wp\/v2\/media\/57582"}],"wp:attachment":[{"href":"https:\/\/www.redenoticia.com.br\/noticia\/wp-json\/wp\/v2\/media?parent=76592"}],"wp:term":[{"taxonomy":"category","embeddable":true,"href":"https:\/\/www.redenoticia.com.br\/noticia\/wp-json\/wp\/v2\/categories?post=76592"},{"taxonomy":"post_tag","embeddable":true,"href":"https:\/\/www.redenoticia.com.br\/noticia\/wp-json\/wp\/v2\/tags?post=76592"}],"curies":[{"name":"wp","href":"https:\/\/api.w.org\/{rel}","templated":true}]}}