{"id":76545,"date":"2015-10-20T17:24:20","date_gmt":"2015-10-20T19:24:20","guid":{"rendered":"http:\/\/www.redenoticia.com.br\/noticia\/?p=76545"},"modified":"2015-10-20T17:24:20","modified_gmt":"2015-10-20T19:24:20","slug":"percepcao-da-populacao-sobre-emprego-e-renda-piora-em-outubro","status":"publish","type":"post","link":"https:\/\/www.redenoticia.com.br\/noticia\/2015\/percepcao-da-populacao-sobre-emprego-e-renda-piora-em-outubro\/76545","title":{"rendered":"Percep\u00e7\u00e3o da popula\u00e7\u00e3o sobre emprego e renda piora em outubro"},"content":{"rendered":"<p>A percep\u00e7\u00e3o da popula\u00e7\u00e3o brasileira sobre o <em><strong>emprego<\/strong><\/em> atual, as perspectivas profissionais e a renda atual piorou em outubro deste ano, informou a Confedera\u00e7\u00e3o Nacional do Com\u00e9rcio de Bens, Servi\u00e7os e Turismo (CNC). Os dados fazem parte do \u00edndice que mede a Inten\u00e7\u00e3o de Consumo das Fam\u00edlias (ICF), que caiu pelo nono m\u00eas seguido neste m\u00eas.<\/p>\n<p>Segundo a pesquisa, o emprego atual \u00e9 o \u00fanico dos sete componentes do indicador que se mant\u00e9m acima dos 100 pontos: alcan\u00e7ou 106 pontos, mas apresentou queda de 0,8% em rela\u00e7\u00e3o a setembro e j\u00e1 acumula uma retra\u00e7\u00e3o de 20,3% na compara\u00e7\u00e3o com outubro do ano passado. Na Regi\u00e3o Sudeste, a taxa j\u00e1 est\u00e1 abaixo dos 100 pontos, com 94 pontos, o que revela percep\u00e7\u00e3o negativa. Em situa\u00e7\u00e3o oposta, encontra-se o Centro-Oeste, que tem o melhor resultado entre as regi\u00f5es, com 126,7 pontos.<\/p>\n<p>Ao divulgar a pesquisa, a CNC afirmou considerar que &#8220;a queda progressiva nas vagas est\u00e1 aumentando a inseguran\u00e7a das fam\u00edlias em rela\u00e7\u00e3o ao emprego&#8221;. Para 25,1% dos entrevistados, o emprego est\u00e1 menos seguro em outubro, enquanto 31,1% respondem considerar mais seguro. Para 28,9%, o n\u00edvel de seguran\u00e7a est\u00e1 igual ao do ano passado.<\/p>\n<p>Quanto ao futuro, 47,2% disseram considerar a perspectiva profissional negativa, e 45,1%, positiva. Para este componente, a pontua\u00e7\u00e3o foi 97,9, com queda de 0,7% em rela\u00e7\u00e3o a setembro e de 18,1% ante outubro de 2014. A pontua\u00e7\u00e3o do Sul chegou a 80,7 \u2013 a pior do pa\u00eds. A do Sudeste alcan\u00e7ou 87,2. Norte e Nordeste est\u00e3o acima dos 100 pontos no componente perspectiva profissional, com 145,3 e 113,5 pontos, respectivamente.<\/p>\n<p>Apesar de ter a pontua\u00e7\u00e3o mais baixa, a Regi\u00e3o Sul teve alta em rela\u00e7\u00e3o a setembro, com crescimento de 3,2% na percep\u00e7\u00e3o da perspectiva profissional. Ante outubro do ano passado, o indicador apresenta queda de 20,9%.<\/p>\n<p>Os dados sobre a renda atual mostram uma percep\u00e7\u00e3o de que ela est\u00e1 pior para 32,9% dos entrevistados e melhor para 30,9%. Outros 35,8% consideram que est\u00e1 &#8220;igual \u00e0 do ano passado&#8221;. O Sudeste \u00e9 a \u00fanica regi\u00e3o brasileira abaixo dos 100 pontos na percep\u00e7\u00e3o da renda, com 83,4: o indicador nacional \u00e9 97,9 pontos, com queda de 1% em rela\u00e7\u00e3o a setembro. A melhor percep\u00e7\u00e3o de renda est\u00e1 no Sul, com 128 pontos, e alta de 1,4% na compara\u00e7\u00e3o com setembro.<\/p>\n<p>Vin\u00edcius Lisboa &#8211; Rep\u00f3rter da Ag\u00eancia Brasil<br \/>\nEdi\u00e7\u00e3o: Jos\u00e9 Romildo<\/p>\n<p>&nbsp;<\/p>\n","protected":false},"excerpt":{"rendered":"<p>A percep\u00e7\u00e3o da popula\u00e7\u00e3o brasileira sobre o emprego atual, as perspectivas profissionais e a renda atual piorou em outubro deste ano, informou a Confedera\u00e7\u00e3o Nacional do Com\u00e9rcio de Bens, Servi\u00e7os e Turismo (CNC). Os dados fazem parte do \u00edndice que mede a Inten\u00e7\u00e3o de Consumo das Fam\u00edlias (ICF), que caiu pelo nono m\u00eas seguido neste [&hellip;]<\/p>\n","protected":false},"author":2,"featured_media":57585,"comment_status":"open","ping_status":"closed","sticky":false,"template":"","format":"standard","meta":{"_genesis_hide_title":false,"_genesis_hide_breadcrumbs":false,"_genesis_hide_singular_image":false,"_genesis_hide_footer_widgets":false,"_genesis_custom_body_class":"","_genesis_custom_post_class":"","_genesis_layout":"","_jetpack_memberships_contains_paid_content":false,"footnotes":""},"categories":[22,7],"tags":[],"class_list":{"0":"post-76545","1":"post","2":"type-post","3":"status-publish","4":"format-standard","5":"has-post-thumbnail","7":"category-brasil","8":"category-economia","9":"entry","10":"gs-1","11":"gs-odd","12":"gs-even","13":"gs-featured-content-entry"},"jetpack_featured_media_url":"https:\/\/www.redenoticia.com.br\/noticia\/imagens\/analise-economia.jpg","jetpack_sharing_enabled":true,"jetpack_likes_enabled":true,"_links":{"self":[{"href":"https:\/\/www.redenoticia.com.br\/noticia\/wp-json\/wp\/v2\/posts\/76545","targetHints":{"allow":["GET"]}}],"collection":[{"href":"https:\/\/www.redenoticia.com.br\/noticia\/wp-json\/wp\/v2\/posts"}],"about":[{"href":"https:\/\/www.redenoticia.com.br\/noticia\/wp-json\/wp\/v2\/types\/post"}],"author":[{"embeddable":true,"href":"https:\/\/www.redenoticia.com.br\/noticia\/wp-json\/wp\/v2\/users\/2"}],"replies":[{"embeddable":true,"href":"https:\/\/www.redenoticia.com.br\/noticia\/wp-json\/wp\/v2\/comments?post=76545"}],"version-history":[{"count":0,"href":"https:\/\/www.redenoticia.com.br\/noticia\/wp-json\/wp\/v2\/posts\/76545\/revisions"}],"wp:featuredmedia":[{"embeddable":true,"href":"https:\/\/www.redenoticia.com.br\/noticia\/wp-json\/wp\/v2\/media\/57585"}],"wp:attachment":[{"href":"https:\/\/www.redenoticia.com.br\/noticia\/wp-json\/wp\/v2\/media?parent=76545"}],"wp:term":[{"taxonomy":"category","embeddable":true,"href":"https:\/\/www.redenoticia.com.br\/noticia\/wp-json\/wp\/v2\/categories?post=76545"},{"taxonomy":"post_tag","embeddable":true,"href":"https:\/\/www.redenoticia.com.br\/noticia\/wp-json\/wp\/v2\/tags?post=76545"}],"curies":[{"name":"wp","href":"https:\/\/api.w.org\/{rel}","templated":true}]}}