{"id":7648,"date":"2009-08-05T12:27:04","date_gmt":"2009-08-05T16:27:04","guid":{"rendered":"http:\/\/www.redenoticia.com.br\/noticia\/?p=7648"},"modified":"2009-08-05T12:27:04","modified_gmt":"2009-08-05T16:27:04","slug":"andre-garolli-estreia-minisserie","status":"publish","type":"post","link":"https:\/\/www.redenoticia.com.br\/noticia\/2009\/andre-garolli-estreia-minisserie\/7648","title":{"rendered":"Andr\u00e9 Garolli estr\u00e9ia Miniss\u00e9rie"},"content":{"rendered":"<p><a href=\"https:\/\/www.redenoticia.com.br\/noticia\/imagens\/\/miniserie.jpg\"><img loading=\"lazy\" decoding=\"async\" class=\"alignleft size-full wp-image-7649\" title=\"miniserie\" src=\"https:\/\/www.redenoticia.com.br\/noticia\/imagens\/\/miniserie.jpg\" alt=\"miniserie\" width=\"150\" height=\"113\" \/><\/a>\u00canio Gon\u00e7alves, Walter Breda, Luiz Baccelli, Eucir de Souza e grande elenco participam de Jo\u00e3o Miguel, da s\u00e9rie Dire\u00e7\u00f5es. Captada no formato digital HD, a nova miniss\u00e9rie do projeto Dire\u00e7\u00f5es, Jo\u00e3o Miguel, dirigido por Andr\u00e9 Garolli, estreia neste domingo (2\/8), \u00e0s 22h, na TV Cultura, com um elenco consagrado, que inclui os atores Walter Breda, \u00canio Gon\u00e7alves e Luiz Baccelli.\u00a0<\/p>\n<p>Com quatro epis\u00f3dios, o telefilme \u00e9 uma adapta\u00e7\u00e3o da obra hom\u00f4nima de Raquel de Queiroz, um romance social com um penetrante aprofundamento da an\u00e1lise psicol\u00f3gica. A miniss\u00e9rie, roteirizada por Renata Pallottini, recria a vida de Jo\u00e3o Miguel na pris\u00e3o de uma pequena cidade do interior do Nordeste. Jo\u00e3o Miguel \u00e9 uma mistura de fatalismo, de acaso, de injusti\u00e7a social, numa hist\u00f3ria de solid\u00e3o humana.<\/p>\n<p>O elenco conta com a participa\u00e7\u00e3o de atores premiados, como Eucir de Souza (Jo\u00e3o Miguel), que atuou no cl\u00e1ssico Pal\u00edndromo, de Philippe Barcinzki; Atrav\u00e9s da Janela, de Tata Amaral; e Meu Mundo em Perigo, de Jos\u00e9 Eduardo Belmonte, cuja atua\u00e7\u00e3o lhe rendeu o Pr\u00eamio de Melhor Ator no 40\u00ba Festival de Bras\u00edlia; \u00canio Gon\u00e7alves (Coronel Nonato), que traz em seu curr\u00edculo 33 filmes, v\u00e1rios curtas, oito novelas e diversas pe\u00e7as teatrais. Em 2003, foi premiado como melhor ator coadjuvante no Festival de Bras\u00edlia, por sua participa\u00e7\u00e3o no filme Garotas do ABC, de Carlos Reichenbach; Walter Breda (Z\u00e9 Milagreiro), que atuou na TV, teatro e cinema. Na novela Am\u00e9rica, de Gl\u00f3ria Peres, na Rede Globo, interpretou Seu Gomes, personagem de grande sucesso. No teatro, atuou na pe\u00e7a Os Lus\u00edadas, Arte da Com\u00e9dia, que lhe rendeu o Pr\u00eamio Shell de Melhor Ator pela; e Luiz Baccelli, que com Antunes Filho atuou nos cl\u00e1ssicos Macuna\u00edma, A Hora e a Vez de Augusto Matraga e Xica da Silva, trabalho pelo qual recebeu o pr\u00eamio Moli\u00e8re de melhor ator. Hoje est\u00e1 no ar em Caminhos das \u00edndias, da Rede Globo, como o pai milion\u00e1rio da personagem Shivani (Thaila Ayala).<\/p>\n<p>Tamb\u00e9m integram o elenco de Jo\u00e3o Miguel os atores Sergio Mastropasqua (Cabo Salu), Taubat\u00e9 Lisboa (Doca Carcereiro), Ana Maria Carvalho (Velha B\u00eabada), Majo de Castro (Santa), Vera Mancini (Fil\u00f3), Nani de Oliveira (Maria Eloi), Fernanda Viacava (Ang\u00e9lica), Tony Giusti (Barretinho), Javert Monteiro (Juiz), Rodolfo Freitas (Marido Candinha), Nat\u00e1lia Gonsales (Candinha), Pepe Scrofft (Soldado 1) e Renaldo Taunay (Soldado 2).<\/p>\n<p>Diretor<br \/>\nAndr\u00e9 Garolli, que participou das duas edi\u00e7\u00f5es do projeto Dire\u00e7\u00f5es com Zona de Guerra, na primeira fase, e A Longa Viagem, na segunda, j\u00e1 \u00e9 um veterano no projeto de teledramaturgia da TV Cultura. Recentemente, conquistou destaque nacional e internacional com seus espet\u00e1culos Zona de Guerra (Pr\u00eamio APCA &#8211; Melhor Espet\u00e1culo Teatral de 2006) e Rumo a Cardiff (com tr\u00eas Indica\u00e7\u00f5es ao Pr\u00eamio Shell em 2006), ambos baseados em textos de Eugene O&#8217; Neill e integrantes do projeto Homens ao Mar, da Companhia Triptal.<\/p>\n<p>Ainda como diretor, Garolli chamou a aten\u00e7\u00e3o do p\u00fablico e da cr\u00edtica nas pe\u00e7as O Mata Burro; Pedreira das Almas; A Estranha; Metr\u00f3polis; O Tambor e o Anjo; Ci\u00fames de um Pedestre; e Chapetuba Futebol Clube. Como ator, seus principais trabalhos foram realizados junto ao grupo TAPA, dirigidos por Eduardo Tolentino, com destaque para as montagens A Mandr\u00e1gora, de Maquiavel; Os Executivos, de Daniel Besse; Ivanov, de Anton Tchecov; A Serpente, de Nelson Rodrigues; Mo\u00e7o em Estado de S\u00edtio, de Oduvaldo Viana Filho; Vestido de Noiva, de Nelson Rodrigues; Quer\u00f4, de Pl\u00ednio Marcos; e Megera Domada, de William Shakespeare.<\/p>\n<p>Como professor atua, desde 1996, ministrando cursos de interpreta\u00e7\u00e3o e oficinas de inicia\u00e7\u00e3o teatral no Teatro Vento Forte, Oficina Oswald Andrade, Tuca, na Escola Everton de Castro e Escola Wolf Maia.<\/p>\n<p>Encontro de linguagens<\/p>\n<p>Com boa receptividade do p\u00fablico e reconhecimento da cr\u00edtica em suas duas fases anteriores, Dire\u00e7\u00f5es &#8211; projeto da TV Cultura em parceira com o SESCTV -, d\u00e1 um novo passo, reunindo cineastas e encenadores para experimentar novas abordagens em teledramaturgia.<\/p>\n<p>Nesta terceira temporada foram convidados tr\u00eas premiados cineastas &#8211; Beto Brant, Eliane Caff\u00e9 e Tata Amaral &#8211; e tr\u00eas diretores de teatro que mais se destacaram nas edi\u00e7\u00f5es anteriores: Rodolfo Garc\u00eda V\u00e1zques, Maucir Campanholi e Andr\u00e9 Garolli.<\/p>\n<p>Cada diretor teve total liberdade e participou inte\u00adgralmente do projeto, desde a cria\u00e7\u00e3o, adapta\u00e7\u00e3o do texto at\u00e9 a sua finaliza\u00e7\u00e3o na edi\u00e7\u00e3o. Ao todo, o p\u00fa\u00adblico vai poder conferir seis bel\u00edssimas s\u00e9ries in\u00e9ditas &#8211; com g\u00eaneros e estilos diferentes -, divididas em 24 epis\u00f3dios.<\/p>\n","protected":false},"excerpt":{"rendered":"<p>\u00canio Gon\u00e7alves, Walter Breda, Luiz Baccelli, Eucir de Souza e grande elenco participam de Jo\u00e3o Miguel, da s\u00e9rie Dire\u00e7\u00f5es. Captada no formato digital HD, a nova miniss\u00e9rie do projeto Dire\u00e7\u00f5es, Jo\u00e3o Miguel, dirigido por Andr\u00e9 Garolli, estreia neste domingo (2\/8), \u00e0s 22h, na TV Cultura, com um elenco consagrado, que inclui os atores Walter Breda, [&hellip;]<\/p>\n","protected":false},"author":3,"featured_media":0,"comment_status":"open","ping_status":"open","sticky":false,"template":"","format":"standard","meta":{"_genesis_hide_title":false,"_genesis_hide_breadcrumbs":false,"_genesis_hide_singular_image":false,"_genesis_hide_footer_widgets":false,"_genesis_custom_body_class":"","_genesis_custom_post_class":"","_genesis_layout":"","_jetpack_memberships_contains_paid_content":false,"footnotes":""},"categories":[22,343],"tags":[],"class_list":{"0":"post-7648","1":"post","2":"type-post","3":"status-publish","4":"format-standard","6":"category-brasil","7":"category-televisao","8":"entry","9":"gs-1","10":"gs-odd","11":"gs-even","12":"gs-featured-content-entry"},"jetpack_featured_media_url":"","jetpack_sharing_enabled":true,"jetpack_likes_enabled":true,"_links":{"self":[{"href":"https:\/\/www.redenoticia.com.br\/noticia\/wp-json\/wp\/v2\/posts\/7648","targetHints":{"allow":["GET"]}}],"collection":[{"href":"https:\/\/www.redenoticia.com.br\/noticia\/wp-json\/wp\/v2\/posts"}],"about":[{"href":"https:\/\/www.redenoticia.com.br\/noticia\/wp-json\/wp\/v2\/types\/post"}],"author":[{"embeddable":true,"href":"https:\/\/www.redenoticia.com.br\/noticia\/wp-json\/wp\/v2\/users\/3"}],"replies":[{"embeddable":true,"href":"https:\/\/www.redenoticia.com.br\/noticia\/wp-json\/wp\/v2\/comments?post=7648"}],"version-history":[{"count":0,"href":"https:\/\/www.redenoticia.com.br\/noticia\/wp-json\/wp\/v2\/posts\/7648\/revisions"}],"wp:attachment":[{"href":"https:\/\/www.redenoticia.com.br\/noticia\/wp-json\/wp\/v2\/media?parent=7648"}],"wp:term":[{"taxonomy":"category","embeddable":true,"href":"https:\/\/www.redenoticia.com.br\/noticia\/wp-json\/wp\/v2\/categories?post=7648"},{"taxonomy":"post_tag","embeddable":true,"href":"https:\/\/www.redenoticia.com.br\/noticia\/wp-json\/wp\/v2\/tags?post=7648"}],"curies":[{"name":"wp","href":"https:\/\/api.w.org\/{rel}","templated":true}]}}