{"id":76430,"date":"2015-10-16T15:45:40","date_gmt":"2015-10-16T18:45:40","guid":{"rendered":"http:\/\/www.redenoticia.com.br\/noticia\/?p=76430"},"modified":"2015-10-16T15:45:40","modified_gmt":"2015-10-16T18:45:40","slug":"igp-10-tem-alta-de-188-em-outubro-mostra-fgv","status":"publish","type":"post","link":"https:\/\/www.redenoticia.com.br\/noticia\/2015\/igp-10-tem-alta-de-188-em-outubro-mostra-fgv\/76430","title":{"rendered":"IGP-10 tem alta de 1,88% em outubro, mostra FGV"},"content":{"rendered":"<p> A <strong><em>infla\u00e7\u00e3o<\/em><\/strong> medida pelo \u00cdndice Geral de Pre\u00e7os-10 (IGP-10) fechou outubro em alta, em rela\u00e7\u00e3o a setembro, ao vaiar 1,88%, crescimento de 1,27 ponto percentual na compara\u00e7\u00e3o aos 0,61% da taxa de setembro. Os dados foram divulgados pelo Instituto Brasileiro de Economia da Funda\u00e7\u00e3o Getulio Vargas (Ibre\/FGV).<\/p>\n<p>Com a alta de outubro, o IGP-10 fechou os primeiros dez meses do ano com alta acumulada de 7,88%. Em 12 meses (taxa anualizada), o IGP-10 acumula alta de 9,83%. Em agosto do ano passado, o \u00edndice registrou 0,02% de alta.<\/p>\n<p> O IGP-10 \u00e9 calculado com base nos pre\u00e7os coletados entre os dias 11 do m\u00eas anterior e 10 do m\u00eas de refer\u00eancia.<\/p>\n<p>Influ\u00eancias<\/p>\n<p>Segundo a FGV, em outubro, o IGP-10 foi fortemente influenciado pelos pre\u00e7os ao produtor. O \u00cdndice de Pre\u00e7os ao Produtor Amplo (IPA), que tem peso de 60% na composi\u00e7\u00e3o do IGP-10, variou 2,62%, em outubro. Em setembro, a varia\u00e7\u00e3o foi de 0,82%. Os Bens Finais registraram taxa de varia\u00e7\u00e3o de 1,47%, em outubro, ante 0,10%, em setembro. O principal respons\u00e1vel por este movimento foi o subgrupo alimentos processados, cuja taxa passou de 0,91% para 2,85%.<\/p>\n<p>O \u00cdndice de Pre\u00e7os ao Consumidor (IPC), com peso de 30% na forma\u00e7\u00e3o do IGP-10, registrou varia\u00e7\u00e3o de 0,59%, em outubro, ante 0,15%, em setembro. Cinco das oito classes de despesa componentes do \u00edndice registraram acr\u00e9scimo em suas taxas de varia\u00e7\u00e3o, com destaque para o grupo alimenta\u00e7\u00e3o (-0,33% para 0,58%). Em contrapartida, apresentaram decr\u00e9scimo em suas taxas de varia\u00e7\u00e3o os grupos sa\u00fade e cuidados pessoais (0,65% para 0,52%), comunica\u00e7\u00e3o (0,36% para 0,19%) e despesas diversas (0,21% para 0,08%).<\/p>\n<p>Tamb\u00e9m com alta, o \u00cdndice Nacional de Custo da Constru\u00e7\u00e3o (INCC), com 10% de peso, registrou, em outubro, taxa de varia\u00e7\u00e3o de 0,23%, ante 0,36% do m\u00eas anterior. O \u00edndice relativo a materiais, equipamentos e servi\u00e7os variou 0,50%. No m\u00eas anterior, a taxa havia sido de 0,32%.<\/p>\n<p>Nielmar Oliveira &#8211; Rep\u00f3rter da Ag\u00eancia Brasil<br \/>\nEdi\u00e7\u00e3o: Talita Cavalcante<\/p>\n","protected":false},"excerpt":{"rendered":"<p>A infla\u00e7\u00e3o medida pelo \u00cdndice Geral de Pre\u00e7os-10 (IGP-10) fechou outubro em alta, em rela\u00e7\u00e3o a setembro, ao vaiar 1,88%, crescimento de 1,27 ponto percentual na compara\u00e7\u00e3o aos 0,61% da taxa de setembro. Os dados foram divulgados pelo Instituto Brasileiro de Economia da Funda\u00e7\u00e3o Getulio Vargas (Ibre\/FGV). Com a alta de outubro, o IGP-10 fechou [&hellip;]<\/p>\n","protected":false},"author":2,"featured_media":57584,"comment_status":"open","ping_status":"closed","sticky":false,"template":"","format":"standard","meta":{"_genesis_hide_title":false,"_genesis_hide_breadcrumbs":false,"_genesis_hide_singular_image":false,"_genesis_hide_footer_widgets":false,"_genesis_custom_body_class":"","_genesis_custom_post_class":"","_genesis_layout":"","_jetpack_memberships_contains_paid_content":false,"footnotes":""},"categories":[22,7],"tags":[],"class_list":{"0":"post-76430","1":"post","2":"type-post","3":"status-publish","4":"format-standard","5":"has-post-thumbnail","7":"category-brasil","8":"category-economia","9":"entry","10":"gs-1","11":"gs-odd","12":"gs-even","13":"gs-featured-content-entry"},"jetpack_featured_media_url":"https:\/\/www.redenoticia.com.br\/noticia\/imagens\/economia-grafica-analise-inflacao.jpg","jetpack_sharing_enabled":true,"jetpack_likes_enabled":true,"_links":{"self":[{"href":"https:\/\/www.redenoticia.com.br\/noticia\/wp-json\/wp\/v2\/posts\/76430","targetHints":{"allow":["GET"]}}],"collection":[{"href":"https:\/\/www.redenoticia.com.br\/noticia\/wp-json\/wp\/v2\/posts"}],"about":[{"href":"https:\/\/www.redenoticia.com.br\/noticia\/wp-json\/wp\/v2\/types\/post"}],"author":[{"embeddable":true,"href":"https:\/\/www.redenoticia.com.br\/noticia\/wp-json\/wp\/v2\/users\/2"}],"replies":[{"embeddable":true,"href":"https:\/\/www.redenoticia.com.br\/noticia\/wp-json\/wp\/v2\/comments?post=76430"}],"version-history":[{"count":0,"href":"https:\/\/www.redenoticia.com.br\/noticia\/wp-json\/wp\/v2\/posts\/76430\/revisions"}],"wp:featuredmedia":[{"embeddable":true,"href":"https:\/\/www.redenoticia.com.br\/noticia\/wp-json\/wp\/v2\/media\/57584"}],"wp:attachment":[{"href":"https:\/\/www.redenoticia.com.br\/noticia\/wp-json\/wp\/v2\/media?parent=76430"}],"wp:term":[{"taxonomy":"category","embeddable":true,"href":"https:\/\/www.redenoticia.com.br\/noticia\/wp-json\/wp\/v2\/categories?post=76430"},{"taxonomy":"post_tag","embeddable":true,"href":"https:\/\/www.redenoticia.com.br\/noticia\/wp-json\/wp\/v2\/tags?post=76430"}],"curies":[{"name":"wp","href":"https:\/\/api.w.org\/{rel}","templated":true}]}}