{"id":76426,"date":"2015-10-16T15:40:37","date_gmt":"2015-10-16T18:40:37","guid":{"rendered":"http:\/\/www.redenoticia.com.br\/noticia\/?p=76426"},"modified":"2015-10-16T15:40:37","modified_gmt":"2015-10-16T18:40:37","slug":"el-nino-provoca-variacao-climatica-no-pais","status":"publish","type":"post","link":"https:\/\/www.redenoticia.com.br\/noticia\/2015\/el-nino-provoca-variacao-climatica-no-pais\/76426","title":{"rendered":"El Ni\u00f1o provoca varia\u00e7\u00e3o clim\u00e1tica no pa\u00eds"},"content":{"rendered":"<p> Enquanto moradores de cidades dos estados da Regi\u00e3o Sul do pa\u00eds, especialmente Rio Grande do Sul e Santa Catarina, sofrem com as fortes chuvas e tempestades de grazino, os habitantes das demais regi\u00f5es buscam formas de se proteger do sol, enfrentar as altas temperaturas e a baixa umidade. Segundo o Instituto Nacional de Meteorologia (Inmet), a \u201cculpa\u201d dessa varia\u00e7\u00e3o clim\u00e1tica no pa\u00eds \u00e9 do <strong><em>El Nin\u00f5<\/em><\/strong>, que este ano est\u00e1 mais intenso do que o normal.<\/p>\n<p>\u201cO maior vil\u00e3o \u00e9 o El Ni\u00f1o, que est\u00e1 provocando essa intemp\u00e9rie do tempo e do clima. Ele est\u00e1 segurando essa frente fria mais para o Sul e o Sudeste e, na regi\u00e3o central, ao n\u00e3o chover, a massa de ar seca come\u00e7a a se intensificar, provocando a baixa umidade relativa do ar e temperaturas mais altas\u201d, explicou o meteorologista do Inmet Mamedes Luiz Melo.<\/p>\n<p>O El Ni\u00f1o \u00e9 um fen\u00f4meno clim\u00e1tico caracterizado pelo aquecimento fora do normal das \u00e1guas superficiais e subsuperficiais do Oceano Pac\u00edfico Equatorial. Essa mudan\u00e7a de temperatura, disse Melo, provoca uma modifica\u00e7\u00e3o da circula\u00e7\u00e3o geral da atmosfera. No Brasil, o fen\u00f4meno se caracteriza por chuvas mais intensas nas regi\u00f5es Sul e Sudeste e tempo mais seco nas regi\u00f5es Norte e Nordeste.<\/p>\n<p>\u201cComo o El Ni\u00f1o est\u00e1 muito intenso, a regi\u00e3o central do pa\u00eds tamb\u00e9m est\u00e1 sendo afetada. Normalmente, ele come\u00e7a a aparecer em novembro, tendo seu pico em dezembro. Este ano, j\u00e1 come\u00e7ou a provocar as anomalias das \u00e1guas desde maio\u201d, explicou o meteorologista.<\/p>\n<p>Previs\u00e3o<\/p>\n<p>A meteorologia n\u00e3o tem boas not\u00edcia para os moradores dos estados da Regi\u00e3o Sul, que t\u00eam tido preju\u00edzos em virtude do mau tempo. A previs\u00e3o \u00e9 que a ocorr\u00eancia de chuvas fortes continue. No Rio Grande do Sul, por exemplo, subiu para 100 o total de munic\u00edpios atingidos pelas chuvas.<\/p>\n<p>\u201cNo Sul do pa\u00eds as essas chuvas dever\u00e3o continuar em dezembro, janeiro e fevereiro para depois diminuir, quando se espera que as temperaturas do Pac\u00edfico voltem ao normal\u201d, disse Melo.<\/p>\n<p>J\u00e1 para a Regi\u00e3o Sudeste, a previs\u00e3o que as chuvas fiquem dentro da m\u00e9dia para o per\u00edodo, exceto no sul de S\u00e3o Paulo, onde o volume de chuvas deve ficar \u201cligeiramente acima da m\u00e9dia\u201d.<\/p>\n<p>Na Regi\u00e3o Centro-Oeste as altas temperaturas e a baixa umidade devem continuar pelo menos por mais dez dia. \u201cH\u00e1 uma probabilidade que depois do dia 25 de outubro possa voltar a chover na regi\u00e3o central do pa\u00eds\u201d, afirmou o meteorologista.<\/p>\n<p>De acordo com o Inmet, a previs\u00e3o de baixa ocorr\u00eancia de chuvas deixa a situa\u00e7\u00e3o cr\u00edtica na Regi\u00e3o Nordeste, especialmente no sert\u00e3o nordestino, tradicionalmente castigado pela estiagem prolongada. O meteorologista do Inmet explicou que existem dois per\u00edodos chuvosos na regi\u00e3o: de fevereiro a maio e de maio at\u00e9 agosto e que, por conta dos efeitos do El Ni\u00f1o, o regime de chuvas dever\u00e1 ser ainda mais afetado.<\/p>\n<p>Com isso, a previs\u00e3o \u00e9 que a segunda esta\u00e7\u00e3o chuvosa na regi\u00e3o fiquei abaixo da m\u00e9dia. \u201cA situa\u00e7\u00e3o que j\u00e1 \u00e9 ruim deve se complicar. Pelo menos de outubro at\u00e9 dezembro a previs\u00e3o \u00e9 que a ocorr\u00eancia de chuvas fique ligeiramente abaixo da m\u00e9dia\u201d.<\/p>\n<p>Para a Regi\u00e3o Norte, que tamb\u00e9m j\u00e1 enfrenta altas temperaturas, a previs\u00e3o \u00e9 de manuten\u00e7\u00e3o do quadro atual. \u201cNo norte da Regi\u00e3o Norte do pa\u00eds tamb\u00e9m vai ficar mais seco at\u00e9 dezembro e mais ao centro tamb\u00e9m ficar\u00e1 abaixo da m\u00e9dia\u201d.<\/p>\n<p>Ivan Richard \u2013 Rep\u00f3rter da Ag\u00eancia Brasil<br \/>\nEdi\u00e7\u00e3o: Denise Griesinger<\/p>\n","protected":false},"excerpt":{"rendered":"<p>Enquanto moradores de cidades dos estados da Regi\u00e3o Sul do pa\u00eds, especialmente Rio Grande do Sul e Santa Catarina, sofrem com as fortes chuvas e tempestades de grazino, os habitantes das demais regi\u00f5es buscam formas de se proteger do sol, enfrentar as altas temperaturas e a baixa umidade. Segundo o Instituto Nacional de Meteorologia (Inmet), [&hellip;]<\/p>\n","protected":false},"author":2,"featured_media":28409,"comment_status":"open","ping_status":"closed","sticky":false,"template":"","format":"standard","meta":{"_genesis_hide_title":false,"_genesis_hide_breadcrumbs":false,"_genesis_hide_singular_image":false,"_genesis_hide_footer_widgets":false,"_genesis_custom_body_class":"","_genesis_custom_post_class":"","_genesis_layout":"","_jetpack_memberships_contains_paid_content":false,"footnotes":""},"categories":[22],"tags":[],"class_list":{"0":"post-76426","1":"post","2":"type-post","3":"status-publish","4":"format-standard","5":"has-post-thumbnail","7":"category-brasil","8":"entry","9":"gs-1","10":"gs-odd","11":"gs-even","12":"gs-featured-content-entry"},"jetpack_featured_media_url":"https:\/\/www.redenoticia.com.br\/noticia\/imagens\/previsao-do-tempo-e-temperatura.jpg","jetpack_sharing_enabled":true,"jetpack_likes_enabled":true,"_links":{"self":[{"href":"https:\/\/www.redenoticia.com.br\/noticia\/wp-json\/wp\/v2\/posts\/76426","targetHints":{"allow":["GET"]}}],"collection":[{"href":"https:\/\/www.redenoticia.com.br\/noticia\/wp-json\/wp\/v2\/posts"}],"about":[{"href":"https:\/\/www.redenoticia.com.br\/noticia\/wp-json\/wp\/v2\/types\/post"}],"author":[{"embeddable":true,"href":"https:\/\/www.redenoticia.com.br\/noticia\/wp-json\/wp\/v2\/users\/2"}],"replies":[{"embeddable":true,"href":"https:\/\/www.redenoticia.com.br\/noticia\/wp-json\/wp\/v2\/comments?post=76426"}],"version-history":[{"count":0,"href":"https:\/\/www.redenoticia.com.br\/noticia\/wp-json\/wp\/v2\/posts\/76426\/revisions"}],"wp:featuredmedia":[{"embeddable":true,"href":"https:\/\/www.redenoticia.com.br\/noticia\/wp-json\/wp\/v2\/media\/28409"}],"wp:attachment":[{"href":"https:\/\/www.redenoticia.com.br\/noticia\/wp-json\/wp\/v2\/media?parent=76426"}],"wp:term":[{"taxonomy":"category","embeddable":true,"href":"https:\/\/www.redenoticia.com.br\/noticia\/wp-json\/wp\/v2\/categories?post=76426"},{"taxonomy":"post_tag","embeddable":true,"href":"https:\/\/www.redenoticia.com.br\/noticia\/wp-json\/wp\/v2\/tags?post=76426"}],"curies":[{"name":"wp","href":"https:\/\/api.w.org\/{rel}","templated":true}]}}