{"id":76381,"date":"2015-10-15T15:48:20","date_gmt":"2015-10-15T18:48:20","guid":{"rendered":"http:\/\/www.redenoticia.com.br\/noticia\/?p=76381"},"modified":"2015-10-15T15:48:20","modified_gmt":"2015-10-15T18:48:20","slug":"setor-de-servicos-fecha-agosto-com-retracao-de-35-em-comparacao-a-2014","status":"publish","type":"post","link":"https:\/\/www.redenoticia.com.br\/noticia\/2015\/setor-de-servicos-fecha-agosto-com-retracao-de-35-em-comparacao-a-2014\/76381","title":{"rendered":"Setor de servi\u00e7os fecha agosto com retra\u00e7\u00e3o de 3,5% em compara\u00e7\u00e3o a 2014"},"content":{"rendered":"<p> O <strong><em>setor de servi\u00e7os<\/em><\/strong> manteve a sequ\u00eancia de resultados negativos que v\u00eam se verificando em 2015, ao fechar o m\u00eas de agosto com retra\u00e7\u00e3o de 3,5% em compara\u00e7\u00e3o a agosto do ano passado. Os dados fazem parte da Pesquisa Mensal de Servi\u00e7os (PMS), divulgada pelo Instituto Brasileiro de Geografia e Estat\u00edstica (IBGE). Com a retra\u00e7\u00e3o de agosto, a PMS fecha os primeiros oito meses do ano com retra\u00e7\u00e3o acumulada de 2,6%, enquanto a taxa anualizada (acumulado dos \u00faltimos 12 meses) fechou em -1,1%.<\/p>\n<p>Com rela\u00e7\u00e3o \u00e0 receita nominal, os dados divulgados pelo IBGE indicam que houve crescimento de 1% entre agosto de 2014 e agosto de 2015. No ano (de janeiro a agosto), a receita nominal cresceu 2,1%, enquanto a taxa anualizada fechou com expans\u00e3o de 3%.<\/p>\n<p>Nos primeiros 12 meses do ano, o \u00fanico resultado positivo do setor de servi\u00e7os foi registrado em mar\u00e7o, quando o indicador fechou com expans\u00e3o de 2,3%. Apesar da queda verificado em agosto, o desempenho foi ligeiramente melhor do que a taxa de julho, quando a queda chegou a 4,2%, embora tenha superado a de junho (-2,2%).<\/p>\n<p>Segundo o IBGE, na compara\u00e7\u00e3o com agosto de 2014, apenas o setor de servi\u00e7os de informa\u00e7\u00e3o e comunica\u00e7\u00e3o apresentou crescimento (0,2%). As varia\u00e7\u00f5es negativas, por segmento, foram puxadas pelo desempenho dos servi\u00e7os prestados \u00e0s fam\u00edlias, onde a queda chegou a 8,2%, e dos servi\u00e7os profissionais, administrativos e complementares (-5,2%); transportes, servi\u00e7os auxiliares dos transportes e correio (-4,4%) e outros servi\u00e7os (-12,5%). O agregado especial das atividades tur\u00edsticas registrou crescimento de 0,1%.<\/p>\n<p>Nessa mesma compara\u00e7\u00e3o (agosto 2014\/agosto 2015), o crescimento de 1% relativo \u00e0 receita nominal configura-se como a segunda menor taxa da s\u00e9rie hist\u00f3rica, iniciada em 2012. A menor ocorreu em fevereiro de 2015 (0,9%).<\/p>\n<p>O IBGE esclareceu que esta foi a primeira vez que a PMS teve divulgados os \u00edndices de volume, a desagrega\u00e7\u00e3o da atividade de servi\u00e7os de tecnologia da informa\u00e7\u00e3o e comunica\u00e7\u00e3o &#8211; TIC em duas novas s\u00e9ries: tTelecomunica\u00e7\u00f5es e servi\u00e7os de tecnologia da informa\u00e7\u00e3o, e o \u00edndice de atividades tur\u00edsticas (Iatur).<\/p>\n<p>Servi\u00e7os \u00e0s fam\u00edlias<\/p>\n<p>A retra\u00e7\u00e3o de 8,2% no segmento servi\u00e7os prestados \u00e0s fam\u00edlias verificado em agosto, comparativamente a agosto do ano passado, foi a segunda maior queda da s\u00e9rie iniciada em janeiro de 2012. A maior queda \u00e9 a registrada em maio deste ano: 9,1%. Em julho, a retra\u00e7\u00e3o do segmento fam\u00edlia foi 1,9% e, em junho, 2,6%, mantendo a s\u00e9rie constante de varia\u00e7\u00f5es negativas a partir de maio de 2014.<\/p>\n<p>Com o resultado, a varia\u00e7\u00e3o acumulada no ano para o setor ficou em -4,8%, com a taxa dos \u00faltimos 12 meses registrando queda de 4,3%. Os servi\u00e7os de alojamento e alimenta\u00e7\u00e3o e outros servi\u00e7os prestados \u00e0s fam\u00edlias apresentaram retra\u00e7\u00e3o de 8,7% e 5,2%, respectivamente.<\/p>\n<p>Os servi\u00e7os de informa\u00e7\u00e3o e comunica\u00e7\u00e3o registraram crescimento no volume de servi\u00e7os de 0,2% em agosto, na compara\u00e7\u00e3o com o mesmo m\u00eas do ano anterior, contra -0,2% em julho e -0,8% em junho. Com o resultado, a varia\u00e7\u00e3o acumulada no ano ficou em 1,2% e em 12 meses, 1,7%.<\/p>\n<p>O segmento servi\u00e7os profissionais, administrativos e complementares apresentou queda de 5,2% em agosto, na compara\u00e7\u00e3o com o mesmo m\u00eas de 2014. Em julho, a queda havia sido 3,9% e em junho, 1,3%. Com isso, a varia\u00e7\u00e3o de volume acumulada no ano ficou em -2,4% e no acumulado dos \u00faltimos 12 meses, -1%.<\/p>\n<p>Resultados regionais<\/p>\n<p>Os dados de agosto da Pesquisa Mensal de Servi\u00e7os indicam, do ponto de vista regional, que na compara\u00e7\u00e3o de agosto de 2015 com agosto de 2014 apenas em seis unidades da Federa\u00e7\u00e3o houve varia\u00e7\u00f5es positivas no volume dos servi\u00e7os. O destaque foi Rond\u00f4nia, com crescimento de 9,6%, seguido de Roraima, com 5,7%, Mato Grosso (3,8%), Mato Grosso do Sul (3,3%), do Rio Grande do Norte (2,6%) e o Distrito Federal (2,1%). As maiores varia\u00e7\u00f5es negativas de volume foram observadas no Amap\u00e1 (-14,2%), no Maranh\u00e3o (-12,2%) e em Sergipe (-7,8%).<\/p>\n<p>S\u00e3o Paulo, maior parque fabril do pa\u00eds, fechou agosto com queda de 4%, em Minas Gerais a retra\u00e7\u00e3o foi 5,2%, no Rio de Janeiro, -2,2%) e no Rio Grande do Sul, 3,9%.<\/p>\n<p>Nielmar de Oliveira Silva<br \/>\nEdi\u00e7\u00e3o: Gra\u00e7a Adjuto<\/p>\n","protected":false},"excerpt":{"rendered":"<p>O setor de servi\u00e7os manteve a sequ\u00eancia de resultados negativos que v\u00eam se verificando em 2015, ao fechar o m\u00eas de agosto com retra\u00e7\u00e3o de 3,5% em compara\u00e7\u00e3o a agosto do ano passado. Os dados fazem parte da Pesquisa Mensal de Servi\u00e7os (PMS), divulgada pelo Instituto Brasileiro de Geografia e Estat\u00edstica (IBGE). Com a retra\u00e7\u00e3o [&hellip;]<\/p>\n","protected":false},"author":2,"featured_media":57583,"comment_status":"open","ping_status":"closed","sticky":false,"template":"","format":"standard","meta":{"_genesis_hide_title":false,"_genesis_hide_breadcrumbs":false,"_genesis_hide_singular_image":false,"_genesis_hide_footer_widgets":false,"_genesis_custom_body_class":"","_genesis_custom_post_class":"","_genesis_layout":"","_jetpack_memberships_contains_paid_content":false,"footnotes":""},"categories":[22,7],"tags":[],"class_list":{"0":"post-76381","1":"post","2":"type-post","3":"status-publish","4":"format-standard","5":"has-post-thumbnail","7":"category-brasil","8":"category-economia","9":"entry","10":"gs-1","11":"gs-odd","12":"gs-even","13":"gs-featured-content-entry"},"jetpack_featured_media_url":"https:\/\/www.redenoticia.com.br\/noticia\/imagens\/economia-grafico.jpg","jetpack_sharing_enabled":true,"jetpack_likes_enabled":true,"_links":{"self":[{"href":"https:\/\/www.redenoticia.com.br\/noticia\/wp-json\/wp\/v2\/posts\/76381","targetHints":{"allow":["GET"]}}],"collection":[{"href":"https:\/\/www.redenoticia.com.br\/noticia\/wp-json\/wp\/v2\/posts"}],"about":[{"href":"https:\/\/www.redenoticia.com.br\/noticia\/wp-json\/wp\/v2\/types\/post"}],"author":[{"embeddable":true,"href":"https:\/\/www.redenoticia.com.br\/noticia\/wp-json\/wp\/v2\/users\/2"}],"replies":[{"embeddable":true,"href":"https:\/\/www.redenoticia.com.br\/noticia\/wp-json\/wp\/v2\/comments?post=76381"}],"version-history":[{"count":0,"href":"https:\/\/www.redenoticia.com.br\/noticia\/wp-json\/wp\/v2\/posts\/76381\/revisions"}],"wp:featuredmedia":[{"embeddable":true,"href":"https:\/\/www.redenoticia.com.br\/noticia\/wp-json\/wp\/v2\/media\/57583"}],"wp:attachment":[{"href":"https:\/\/www.redenoticia.com.br\/noticia\/wp-json\/wp\/v2\/media?parent=76381"}],"wp:term":[{"taxonomy":"category","embeddable":true,"href":"https:\/\/www.redenoticia.com.br\/noticia\/wp-json\/wp\/v2\/categories?post=76381"},{"taxonomy":"post_tag","embeddable":true,"href":"https:\/\/www.redenoticia.com.br\/noticia\/wp-json\/wp\/v2\/tags?post=76381"}],"curies":[{"name":"wp","href":"https:\/\/api.w.org\/{rel}","templated":true}]}}