{"id":76379,"date":"2015-10-15T15:43:18","date_gmt":"2015-10-15T18:43:18","guid":{"rendered":"http:\/\/www.redenoticia.com.br\/noticia\/?p=76379"},"modified":"2015-10-15T15:43:18","modified_gmt":"2015-10-15T18:43:18","slug":"inadimplencia-de-alunos-do-ensino-particular-cresce-226-no-primeiro-semestre","status":"publish","type":"post","link":"https:\/\/www.redenoticia.com.br\/noticia\/2015\/inadimplencia-de-alunos-do-ensino-particular-cresce-226-no-primeiro-semestre\/76379","title":{"rendered":"Inadimpl\u00eancia de alunos do ensino particular cresce 22,6% no primeiro semestre"},"content":{"rendered":"<p> A <em><strong>inadimpl\u00eancia dos alunos<\/strong><\/em> com institui\u00e7\u00f5es particulares de ensino fundamental, m\u00e9dio e superior no pa\u00eds aumentou 22,6% no primeiro semestre de 2015 em compara\u00e7\u00e3o com o mesmo per\u00edodo do ano anterior. Esta foi a maior alta, em um primeiro semestre, desde 2012, quando o \u00edndice registrou eleva\u00e7\u00e3o de 19,1%. No primeiro semestre de 2014, comparado a 2013, a inadimpl\u00eancia dos estudantes havia apresentado queda de 1,3%. Os dados s\u00e3o da Serasa Experian.<\/p>\n<p>Se considerarmos apenas as contas em atraso dos alunos com escolas de ensino fundamental e m\u00e9dio, o aumento no primeiro semestre de 2015 foi maior: 25,9%. No primeiro semestre de 2014, comparado a 2013, a inadimpl\u00eancia nas escolas apresentou queda de 10,7%. Nas institui\u00e7\u00f5es de ensino superior, o crescimento da inadimpl\u00eancia dos estudantes foi 22,4% no primeiro semestre do ano. No mesmo per\u00edodo de 2014, em compara\u00e7\u00e3o com o primeiro semestre de 2013, houve queda de 0,9%.<\/p>\n<p>\u201cO aumento da inadimpl\u00eancia com escolas em 2015 teve como causa o cen\u00e1rio econ\u00f4mico bastante adverso \u00e0 quita\u00e7\u00e3o das d\u00edvidas do consumidor: taxas de infla\u00e7\u00e3o, de juros e de desemprego bem mais altas neste ano de 2015\u201d, disse a Serasa em nota.<\/p>\n<p>Segundo o levantamento, o crescimento da inadimpl\u00eancia dos alunos teve impacto nas contas das escolas, que tamb\u00e9m passaram a atrasar as contas com seus fornecedores. A inadimpl\u00eancia das institui\u00e7\u00f5es aumentou 26,7% no per\u00edodo, em compara\u00e7\u00e3o com o primeiro semestre de 2014.<\/p>\n<p>Considerando apenas as escolas de ensino fundamental e m\u00e9dio, a inadimpl\u00eancia aumentou 27,2% nos primeiros seis meses de 2015 em rela\u00e7\u00e3o ao mesmo per\u00edodo de 2014. O crescimento nas institui\u00e7\u00f5es de ensino superior no mesmo per\u00edodo foi 25,3%.<\/p>\n<p>Bruno Bocchini &#8211; Rep\u00f3rter da Ag\u00eancia Brasil<br \/>\nEdi\u00e7\u00e3o: F\u00e1bio Massalli<\/p>\n","protected":false},"excerpt":{"rendered":"<p>A inadimpl\u00eancia dos alunos com institui\u00e7\u00f5es particulares de ensino fundamental, m\u00e9dio e superior no pa\u00eds aumentou 22,6% no primeiro semestre de 2015 em compara\u00e7\u00e3o com o mesmo per\u00edodo do ano anterior. Esta foi a maior alta, em um primeiro semestre, desde 2012, quando o \u00edndice registrou eleva\u00e7\u00e3o de 19,1%. No primeiro semestre de 2014, comparado [&hellip;]<\/p>\n","protected":false},"author":2,"featured_media":38940,"comment_status":"open","ping_status":"closed","sticky":false,"template":"","format":"standard","meta":{"_genesis_hide_title":false,"_genesis_hide_breadcrumbs":false,"_genesis_hide_singular_image":false,"_genesis_hide_footer_widgets":false,"_genesis_custom_body_class":"","_genesis_custom_post_class":"","_genesis_layout":"","_jetpack_memberships_contains_paid_content":false,"footnotes":""},"categories":[22,7],"tags":[],"class_list":{"0":"post-76379","1":"post","2":"type-post","3":"status-publish","4":"format-standard","5":"has-post-thumbnail","7":"category-brasil","8":"category-economia","9":"entry","10":"gs-1","11":"gs-odd","12":"gs-even","13":"gs-featured-content-entry"},"jetpack_featured_media_url":"https:\/\/www.redenoticia.com.br\/noticia\/imagens\/grafico.jpg","jetpack_sharing_enabled":true,"jetpack_likes_enabled":true,"_links":{"self":[{"href":"https:\/\/www.redenoticia.com.br\/noticia\/wp-json\/wp\/v2\/posts\/76379","targetHints":{"allow":["GET"]}}],"collection":[{"href":"https:\/\/www.redenoticia.com.br\/noticia\/wp-json\/wp\/v2\/posts"}],"about":[{"href":"https:\/\/www.redenoticia.com.br\/noticia\/wp-json\/wp\/v2\/types\/post"}],"author":[{"embeddable":true,"href":"https:\/\/www.redenoticia.com.br\/noticia\/wp-json\/wp\/v2\/users\/2"}],"replies":[{"embeddable":true,"href":"https:\/\/www.redenoticia.com.br\/noticia\/wp-json\/wp\/v2\/comments?post=76379"}],"version-history":[{"count":0,"href":"https:\/\/www.redenoticia.com.br\/noticia\/wp-json\/wp\/v2\/posts\/76379\/revisions"}],"wp:featuredmedia":[{"embeddable":true,"href":"https:\/\/www.redenoticia.com.br\/noticia\/wp-json\/wp\/v2\/media\/38940"}],"wp:attachment":[{"href":"https:\/\/www.redenoticia.com.br\/noticia\/wp-json\/wp\/v2\/media?parent=76379"}],"wp:term":[{"taxonomy":"category","embeddable":true,"href":"https:\/\/www.redenoticia.com.br\/noticia\/wp-json\/wp\/v2\/categories?post=76379"},{"taxonomy":"post_tag","embeddable":true,"href":"https:\/\/www.redenoticia.com.br\/noticia\/wp-json\/wp\/v2\/tags?post=76379"}],"curies":[{"name":"wp","href":"https:\/\/api.w.org\/{rel}","templated":true}]}}