{"id":76371,"date":"2015-10-15T15:31:52","date_gmt":"2015-10-15T18:31:52","guid":{"rendered":"http:\/\/www.redenoticia.com.br\/noticia\/?p=76371"},"modified":"2015-10-15T15:31:52","modified_gmt":"2015-10-15T18:31:52","slug":"casa-das-rosas-realiza-feira-de-troca-de-pertences-e-saberes","status":"publish","type":"post","link":"https:\/\/www.redenoticia.com.br\/noticia\/2015\/casa-das-rosas-realiza-feira-de-troca-de-pertences-e-saberes\/76371","title":{"rendered":"Casa das Rosas realiza Feira de Troca de pertences e saberes"},"content":{"rendered":"<p>Que tal trocar um livro, CDs ou at\u00e9 mesmo roupas? Se voc\u00ea tem pertences que podem ser passados adiante, a <strong><em>Casa das Rosas<\/em><\/strong> &#8211; Espa\u00e7o Haroldo de Campos de Poesia e Literatura realiza no s\u00e1bado (24 de outubro) a Feira de Troca, que incentiva a mudan\u00e7a de h\u00e1bitos de consumo entre participantes de todas as idades.<\/p>\n<p>No encontro ser\u00e1 poss\u00edvel trocar objetos como livros, gibis, CDs, discos, roupas, etc, e saberes, como, por exemplo, fazer uma tran\u00e7a, um origami, costurar ou desenhar.<\/p>\n<p>A Casa das Rosas \u00e9 uma institui\u00e7\u00e3o da Secretaria de Estado da Cultura, administrada pela POIESIS Instituto de Apoio \u00e0 Cultura, \u00e0 L\u00edngua e \u00e0 Literatura.<\/p>\n<p>SERVI\u00c7O<br \/>\nFeira de Troca na Casa das Rosas<br \/>\nS\u00e1bado, 24 de outubro, das 14h \u00e0s 17h<br \/>\nLocal: N\u00facleo Educativo da Casa das Rosas<br \/>\nAvenida Paulista, 37 \u2013 pr\u00f3ximo \u00e0 Esta\u00e7\u00e3o Brigadeiro do Metr\u00f4<br \/>\nMais informa\u00e7\u00f5es no .<\/p>\n<p>Do Portal do Governo do Estado SP<\/p>\n<p>&#8212;<br \/>\nA Casa das Rosas, desde a sua reinaugura\u00e7\u00e3o como Espa\u00e7o Haroldo de Campos de Poesia e Literatura, no final de 2004, tem oferecido \u00e0 popula\u00e7\u00e3o de S\u00e3o Paulo cursos, oficinas de cria\u00e7\u00e3o e cr\u00edtica liter\u00e1rias, palestras, ciclos de debates, lan\u00e7amentos de livros, apresenta\u00e7\u00f5es liter\u00e1rias e musicais, saraus, pe\u00e7as de teatro, exposi\u00e7\u00f5es ligadas \u00e0 literatura, etc. Transformou-se, portanto, em um museu que se notabiliza pelo trabalho de difus\u00e3o e promo\u00e7\u00e3o da literatura de escritores muitas vezes deixados de lado pelo mercado e pela oferta de oficinas e cursos de forma\u00e7\u00e3o para aqueles que pretendem se tornar escritores ou aprimorar sua arte.<\/p>\n","protected":false},"excerpt":{"rendered":"<p>Que tal trocar um livro, CDs ou at\u00e9 mesmo roupas? Se voc\u00ea tem pertences que podem ser passados adiante, a Casa das Rosas &#8211; Espa\u00e7o Haroldo de Campos de Poesia e Literatura realiza no s\u00e1bado (24 de outubro) a Feira de Troca, que incentiva a mudan\u00e7a de h\u00e1bitos de consumo entre participantes de todas as [&hellip;]<\/p>\n","protected":false},"author":2,"featured_media":57581,"comment_status":"open","ping_status":"closed","sticky":false,"template":"","format":"standard","meta":{"_genesis_hide_title":false,"_genesis_hide_breadcrumbs":false,"_genesis_hide_singular_image":false,"_genesis_hide_footer_widgets":false,"_genesis_custom_body_class":"","_genesis_custom_post_class":"","_genesis_layout":"","_jetpack_memberships_contains_paid_content":false,"footnotes":""},"categories":[22],"tags":[],"class_list":{"0":"post-76371","1":"post","2":"type-post","3":"status-publish","4":"format-standard","5":"has-post-thumbnail","7":"category-brasil","8":"entry","9":"gs-1","10":"gs-odd","11":"gs-even","12":"gs-featured-content-entry"},"jetpack_featured_media_url":"https:\/\/www.redenoticia.com.br\/noticia\/imagens\/livros-biblioteca.jpg","jetpack_sharing_enabled":true,"jetpack_likes_enabled":true,"_links":{"self":[{"href":"https:\/\/www.redenoticia.com.br\/noticia\/wp-json\/wp\/v2\/posts\/76371","targetHints":{"allow":["GET"]}}],"collection":[{"href":"https:\/\/www.redenoticia.com.br\/noticia\/wp-json\/wp\/v2\/posts"}],"about":[{"href":"https:\/\/www.redenoticia.com.br\/noticia\/wp-json\/wp\/v2\/types\/post"}],"author":[{"embeddable":true,"href":"https:\/\/www.redenoticia.com.br\/noticia\/wp-json\/wp\/v2\/users\/2"}],"replies":[{"embeddable":true,"href":"https:\/\/www.redenoticia.com.br\/noticia\/wp-json\/wp\/v2\/comments?post=76371"}],"version-history":[{"count":0,"href":"https:\/\/www.redenoticia.com.br\/noticia\/wp-json\/wp\/v2\/posts\/76371\/revisions"}],"wp:featuredmedia":[{"embeddable":true,"href":"https:\/\/www.redenoticia.com.br\/noticia\/wp-json\/wp\/v2\/media\/57581"}],"wp:attachment":[{"href":"https:\/\/www.redenoticia.com.br\/noticia\/wp-json\/wp\/v2\/media?parent=76371"}],"wp:term":[{"taxonomy":"category","embeddable":true,"href":"https:\/\/www.redenoticia.com.br\/noticia\/wp-json\/wp\/v2\/categories?post=76371"},{"taxonomy":"post_tag","embeddable":true,"href":"https:\/\/www.redenoticia.com.br\/noticia\/wp-json\/wp\/v2\/tags?post=76371"}],"curies":[{"name":"wp","href":"https:\/\/api.w.org\/{rel}","templated":true}]}}