{"id":76342,"date":"2015-10-14T17:13:15","date_gmt":"2015-10-14T20:13:15","guid":{"rendered":"http:\/\/www.redenoticia.com.br\/noticia\/?p=76342"},"modified":"2015-10-14T17:13:15","modified_gmt":"2015-10-14T20:13:15","slug":"comercio-varejista-acumula-queda-de-69-nas-vendas-ate-agosto","status":"publish","type":"post","link":"https:\/\/www.redenoticia.com.br\/noticia\/2015\/comercio-varejista-acumula-queda-de-69-nas-vendas-ate-agosto\/76342","title":{"rendered":"Com\u00e9rcio varejista acumula queda de 6,9% nas vendas at\u00e9 agosto"},"content":{"rendered":"<p> O <strong><em>com\u00e9rcio varejista<\/em><\/strong> do pa\u00eds fechou o m\u00eas de agosto com queda nas vendas de 0,9%, em rela\u00e7\u00e3o a julho, elevando a retra\u00e7\u00e3o acumulada nos primeiros oito meses do ano (janeiro-agosto) para 3%. O resultado \u00e9 o pior para o m\u00eas de agosto dos \u00faltimos 15 anos. Os dados foram divulgados pelo Instituto Brasileiro de Geografia e Estat\u00edstica (IBGE) e indicam retra\u00e7\u00e3o de 6,9% na compara\u00e7\u00e3o com agosto do ano passado.<\/p>\n<p>A queda de julho para agosto no volume de vendas do varejo foi o s\u00e9timo resultado negativo seguido, acumulando no per\u00edodo perda de 6,4%. Ainda em rela\u00e7\u00e3o a agosto, o recuo de 6,9% \u00e9 a quinta taxa negativa consecutiva.<\/p>\n<p>Segundo as informa\u00e7\u00f5es divulgadas, das 27 unidades da Federa\u00e7\u00e3o, 23 apresentaram varia\u00e7\u00f5es negativas no volume de vendas, em rela\u00e7\u00e3o ao m\u00eas imediatamente anterior. Os destaques, em rela\u00e7\u00e3o \u00e0 queda, foram a Para\u00edba (-4,9%), o Tocantins (-4,4%) e Alagoas (-3,3%). O Amazonas ficou est\u00e1vel nesse tipo de compara\u00e7\u00e3o, enquanto o Cear\u00e1 (0,2%), Mato Grosso do Sul e o Acre, ambos com 0,4%, registraram taxas positivas.<\/p>\n<p>Em rela\u00e7\u00e3o a agosto de 2014, a redu\u00e7\u00e3o do volume de vendas no varejo disseminou-se por 26 das 27 unidades da Federa\u00e7\u00e3o. Os destaques, em termos de taxa de dois d\u00edgitos, foram o Amap\u00e1 (-17,6%), Alagoas (-14,8%), a Para\u00edba (-12,9%), Bahia (-12,2%), Rond\u00f4nia (-11,8%), Pernambuco e Goi\u00e1s (ambos com -10,3%). O \u00fanico estado em que n\u00e3o houve redu\u00e7\u00e3o do volume de vendas foi Roraima (5,7%).<\/p>\n<p>Os dados do IBGE j\u00e1 levam em conta os efeitos sazonais \u2013 quando s\u00e3o descontados do resultado os n\u00fameros de dias \u00fateis decorrentes de feriados e fins de semana.<\/p>\n<p>Com\u00e9rcio varejista ampliado<\/p>\n<p>No com\u00e9rcio varejista ampliado (com a inclus\u00e3o das vendas de ve\u00edculos, motos, partes e pe\u00e7as e de material de constru\u00e7\u00e3o), o volume de vendas em rela\u00e7\u00e3o a julho tamb\u00e9m fechou em queda (-2,0%), acumulando no ano retra\u00e7\u00e3o de 6,9% e nos \u00faltimos 12 meses, de -5,2%.<\/p>\n<p>Ainda nos dados do com\u00e9rcio varejista ampliado, a receita nominal caiu 0,9% em rela\u00e7\u00e3o a julho e 2,5% em rela\u00e7\u00e3o a agosto do ano passado. No resultado acumulado no ano, a receita nominal ficou negativa em 0,6%, passando a 0,8% no acumulado dos \u00faltimos 12 meses.<\/p>\n<p>Todos os 27 estados apresentaram varia\u00e7\u00f5es negativas para o volume de vendas, na compara\u00e7\u00e3o com o mesmo per\u00edodo do ano anterior, destacando-se em termos de influ\u00eancia no resultado global S\u00e3o Paulo (-4,8%), Minas Gerais (-13%), o Rio de Janeiro (-8,7%) e o Rio Grande do Sul (-15,1%).<\/p>\n<p>Em agosto, segundo o IBGE, o volume de vendas no varejo \u201cprossegue mostrando um quadro de menor ritmo, expresso n\u00e3o s\u00f3 pelo s\u00e9timo m\u00eas seguido com resultado negativo na compara\u00e7\u00e3o com o m\u00eas imediatamente anterior, mas tamb\u00e9m no perfil disseminado de taxas negativas entre os principais segmentos.<\/p>\n<p>Com o resultado de agosto, o total das vendas est\u00e1 9,7% abaixo do n\u00edvel recorde alcan\u00e7ado em novembro de 2014. Os sinais de menor intensidade das vendas no varejo tamb\u00e9m ficam evidenciados na compara\u00e7\u00e3o com o mesmo m\u00eas do ano anterior, com perda de -6,9%, a quinta taxa negativa consecutiva. Com isso, o indicador acumulado nos \u00faltimos 12 meses, com recuo de 1,5%, mant\u00e9m a trajet\u00f3ria descendente iniciada em julho de 2014, quando esse \u00edndice estava em 4,3%.<\/p>\n<p>Queda no varejo atinge seis de oito setores<\/p>\n<p>A queda de 0,9% nas vendas do com\u00e9rcio varejista de julho para agosto deste ano e de 2% no varejo ampliado tiveram predom\u00ednio de resultados negativos entre as atividades, com press\u00f5es mais intensas nos setores de ve\u00edculos e motos, partes e pe\u00e7as (-5,2%), livros, jornais, revistas e papelaria (-2,6%), material de constru\u00e7\u00e3o (-2,3%), m\u00f3veis e eletrodom\u00e9sticos (-2,0%), tecidos, vestu\u00e1rio e cal\u00e7ados (-1,7%) e combust\u00edveis e lubrificantes (-1,3%).<\/p>\n<p>A queda de 6,9% nas vendas do com\u00e9rcio varejista, na compara\u00e7\u00e3o com agosto de 2014, reflete retra\u00e7\u00f5es em sete das oito atividades, com destaque para o setor de hipermercados, supermercados, produtos aliment\u00edcios, bebidas e fumo (com retra\u00e7\u00e3o de 4,8%), m\u00f3veis e eletrodom\u00e9sticos (-18,6%), seguidos por tecidos, vestu\u00e1rio e cal\u00e7ados (-13,7%).<\/p>\n<p>Os demais setores com taxas negativas foram combust\u00edveis e lubrificantes (-7,2%), outros artigos de uso pessoal e dom\u00e9stico (-2,9%), livros, jornais, revistas e papelaria (-15,6%) e equipamentos e materiais para escrit\u00f3rio, inform\u00e1tica e comunica\u00e7\u00e3o (-7,1%).<\/p>\n<p>Segundo o IBGE, a retra\u00e7\u00e3o de 4,8% em hipermercados, supermercados, produtos aliment\u00edcios, bebidas e fumo exerceu o principal impacto negativo sobre a taxa do varejo e foi a s\u00e9tima queda consecutiva nessa compara\u00e7\u00e3o, acumulando perda de 2,3% no ano e de -1,7% em 12 meses.<\/p>\n<p>\u201cEssa atividade teve seu desempenho influenciado pelo menor ritmo de crescimento da renda e pelo comportamento dos pre\u00e7os dos alimentos, que cresceram acima do \u00edndice geral no per\u00edodo de 12 meses: 10,9% no grupo alimenta\u00e7\u00e3o no domic\u00edlio, contra 9,5% da infla\u00e7\u00e3o global, segundo o IPCA\u201d.<\/p>\n<p>O segmento de m\u00f3veis e eletrodom\u00e9sticos foi respons\u00e1vel pelo segundo maior impacto negativo sobre o \u00edndice geral, com recuo de 18,6% no volume de vendas em rela\u00e7\u00e3o a agosto do ano passado, a nona taxa negativa nessa compara\u00e7\u00e3o.<\/p>\n<p>Nielmar de Oliveira &#8211; Rep\u00f3rter da Ag\u00eancia Brasil<br \/>\nEdi\u00e7\u00e3o: Gra\u00e7a Adjuto<\/p>\n","protected":false},"excerpt":{"rendered":"<p>O com\u00e9rcio varejista do pa\u00eds fechou o m\u00eas de agosto com queda nas vendas de 0,9%, em rela\u00e7\u00e3o a julho, elevando a retra\u00e7\u00e3o acumulada nos primeiros oito meses do ano (janeiro-agosto) para 3%. O resultado \u00e9 o pior para o m\u00eas de agosto dos \u00faltimos 15 anos. Os dados foram divulgados pelo Instituto Brasileiro de [&hellip;]<\/p>\n","protected":false},"author":2,"featured_media":57584,"comment_status":"open","ping_status":"closed","sticky":false,"template":"","format":"standard","meta":{"_genesis_hide_title":false,"_genesis_hide_breadcrumbs":false,"_genesis_hide_singular_image":false,"_genesis_hide_footer_widgets":false,"_genesis_custom_body_class":"","_genesis_custom_post_class":"","_genesis_layout":"","_jetpack_memberships_contains_paid_content":false,"footnotes":""},"categories":[22,7],"tags":[],"class_list":{"0":"post-76342","1":"post","2":"type-post","3":"status-publish","4":"format-standard","5":"has-post-thumbnail","7":"category-brasil","8":"category-economia","9":"entry","10":"gs-1","11":"gs-odd","12":"gs-even","13":"gs-featured-content-entry"},"jetpack_featured_media_url":"https:\/\/www.redenoticia.com.br\/noticia\/imagens\/economia-grafica-analise-inflacao.jpg","jetpack_sharing_enabled":true,"jetpack_likes_enabled":true,"_links":{"self":[{"href":"https:\/\/www.redenoticia.com.br\/noticia\/wp-json\/wp\/v2\/posts\/76342","targetHints":{"allow":["GET"]}}],"collection":[{"href":"https:\/\/www.redenoticia.com.br\/noticia\/wp-json\/wp\/v2\/posts"}],"about":[{"href":"https:\/\/www.redenoticia.com.br\/noticia\/wp-json\/wp\/v2\/types\/post"}],"author":[{"embeddable":true,"href":"https:\/\/www.redenoticia.com.br\/noticia\/wp-json\/wp\/v2\/users\/2"}],"replies":[{"embeddable":true,"href":"https:\/\/www.redenoticia.com.br\/noticia\/wp-json\/wp\/v2\/comments?post=76342"}],"version-history":[{"count":0,"href":"https:\/\/www.redenoticia.com.br\/noticia\/wp-json\/wp\/v2\/posts\/76342\/revisions"}],"wp:featuredmedia":[{"embeddable":true,"href":"https:\/\/www.redenoticia.com.br\/noticia\/wp-json\/wp\/v2\/media\/57584"}],"wp:attachment":[{"href":"https:\/\/www.redenoticia.com.br\/noticia\/wp-json\/wp\/v2\/media?parent=76342"}],"wp:term":[{"taxonomy":"category","embeddable":true,"href":"https:\/\/www.redenoticia.com.br\/noticia\/wp-json\/wp\/v2\/categories?post=76342"},{"taxonomy":"post_tag","embeddable":true,"href":"https:\/\/www.redenoticia.com.br\/noticia\/wp-json\/wp\/v2\/tags?post=76342"}],"curies":[{"name":"wp","href":"https:\/\/api.w.org\/{rel}","templated":true}]}}