{"id":76340,"date":"2015-10-14T17:11:10","date_gmt":"2015-10-14T20:11:10","guid":{"rendered":"http:\/\/www.redenoticia.com.br\/noticia\/?p=76340"},"modified":"2015-10-14T17:11:10","modified_gmt":"2015-10-14T20:11:10","slug":"taxa-de-juros-em-emprestimos-e-a-maior-desde-junho-de-2009-diz-anefac","status":"publish","type":"post","link":"https:\/\/www.redenoticia.com.br\/noticia\/2015\/taxa-de-juros-em-emprestimos-e-a-maior-desde-junho-de-2009-diz-anefac\/76340","title":{"rendered":"Taxa de juros em empr\u00e9stimos \u00e9 a maior desde junho de 2009, diz Anefac"},"content":{"rendered":"<p> Em setembro, a <strong><em>taxa m\u00e9dia de juros<\/em><\/strong> cobrada em empr\u00e9stimos chegou a 131,1% ao ano, alta de 1,26% na compara\u00e7\u00e3o com agosto, segundo dados da Associa\u00e7\u00e3o Nacional dos Executivos de Finan\u00e7as Administra\u00e7\u00e3o e Contabilidade (Anefac). \u00c9 a maior taxa desde junho de 2009.<\/p>\n<p>A Anefac verificou eleva\u00e7\u00e3o nas taxas em seis modalidades de cr\u00e9dito para pessoa f\u00edsica (juros do com\u00e9rcio, cart\u00e3o de cr\u00e9dito rotativo, cheque especial, CDC-bancos-financiamento de ve\u00edculos, empr\u00e9stimo pessoal-bancos e empr\u00e9stimo pessoal-financeiras). Em rela\u00e7\u00e3o ao rotativo do cart\u00e3o de cr\u00e9dito, a taxa chegou a 13,59% (361,40% ao ano) em setembro, alta de 1,65% em rela\u00e7\u00e3o agosto. O maior juro cobrado desde mar\u00e7o de 1996.<\/p>\n<p>A maior corre\u00e7\u00e3o foi verificada no financiamento de autom\u00f3veis que ficou 2,70% mais caro no m\u00eas.<\/p>\n<p>A pesquisa aponta ainda alta nos tr\u00eas tipos de financiamento \u00e0s empresas. A taxa de juros m\u00e9dia subiu 0,73% em setembro em rela\u00e7\u00e3o a agosto, passando de 4,09% ao m\u00eas para 4,12% (62,33% ao ano), sendo a maior taxa de juros desde maio de 2009.<\/p>\n<p>De acordo com a Anefac, a taxa b\u00e1sica de juros (Selic) teve alta de sete pontos percentuais no per\u00edodo de mar\u00e7o de 2013 a setembro de 2015, de 7,25% ao ano (janeiro de 2013) para 14,25% ao ano (setembro de 2015). Para a Anefac, as taxas de juros sobre as opera\u00e7\u00f5es de cr\u00e9dito v\u00e3o continuar elevadas pelos pr\u00f3ximos meses &#8220;tendo em vista o cen\u00e1rio econ\u00f4mico atual que aumenta o risco de eleva\u00e7\u00e3o dos \u00edndices de inadimpl\u00eancia&#8221;.<\/p>\n<p>Marli Moreira &#8211; Rep\u00f3rter da Ag\u00eancia Brasil<br \/>\nEdi\u00e7\u00e3o: Carolina Pimentel<\/p>\n","protected":false},"excerpt":{"rendered":"<p>Em setembro, a taxa m\u00e9dia de juros cobrada em empr\u00e9stimos chegou a 131,1% ao ano, alta de 1,26% na compara\u00e7\u00e3o com agosto, segundo dados da Associa\u00e7\u00e3o Nacional dos Executivos de Finan\u00e7as Administra\u00e7\u00e3o e Contabilidade (Anefac). \u00c9 a maior taxa desde junho de 2009. A Anefac verificou eleva\u00e7\u00e3o nas taxas em seis modalidades de cr\u00e9dito para [&hellip;]<\/p>\n","protected":false},"author":2,"featured_media":57583,"comment_status":"open","ping_status":"closed","sticky":false,"template":"","format":"standard","meta":{"_genesis_hide_title":false,"_genesis_hide_breadcrumbs":false,"_genesis_hide_singular_image":false,"_genesis_hide_footer_widgets":false,"_genesis_custom_body_class":"","_genesis_custom_post_class":"","_genesis_layout":"","_jetpack_memberships_contains_paid_content":false,"footnotes":""},"categories":[22,7],"tags":[],"class_list":{"0":"post-76340","1":"post","2":"type-post","3":"status-publish","4":"format-standard","5":"has-post-thumbnail","7":"category-brasil","8":"category-economia","9":"entry","10":"gs-1","11":"gs-odd","12":"gs-even","13":"gs-featured-content-entry"},"jetpack_featured_media_url":"https:\/\/www.redenoticia.com.br\/noticia\/imagens\/economia-grafico.jpg","jetpack_sharing_enabled":true,"jetpack_likes_enabled":true,"_links":{"self":[{"href":"https:\/\/www.redenoticia.com.br\/noticia\/wp-json\/wp\/v2\/posts\/76340","targetHints":{"allow":["GET"]}}],"collection":[{"href":"https:\/\/www.redenoticia.com.br\/noticia\/wp-json\/wp\/v2\/posts"}],"about":[{"href":"https:\/\/www.redenoticia.com.br\/noticia\/wp-json\/wp\/v2\/types\/post"}],"author":[{"embeddable":true,"href":"https:\/\/www.redenoticia.com.br\/noticia\/wp-json\/wp\/v2\/users\/2"}],"replies":[{"embeddable":true,"href":"https:\/\/www.redenoticia.com.br\/noticia\/wp-json\/wp\/v2\/comments?post=76340"}],"version-history":[{"count":0,"href":"https:\/\/www.redenoticia.com.br\/noticia\/wp-json\/wp\/v2\/posts\/76340\/revisions"}],"wp:featuredmedia":[{"embeddable":true,"href":"https:\/\/www.redenoticia.com.br\/noticia\/wp-json\/wp\/v2\/media\/57583"}],"wp:attachment":[{"href":"https:\/\/www.redenoticia.com.br\/noticia\/wp-json\/wp\/v2\/media?parent=76340"}],"wp:term":[{"taxonomy":"category","embeddable":true,"href":"https:\/\/www.redenoticia.com.br\/noticia\/wp-json\/wp\/v2\/categories?post=76340"},{"taxonomy":"post_tag","embeddable":true,"href":"https:\/\/www.redenoticia.com.br\/noticia\/wp-json\/wp\/v2\/tags?post=76340"}],"curies":[{"name":"wp","href":"https:\/\/api.w.org\/{rel}","templated":true}]}}