{"id":76338,"date":"2015-10-14T17:10:00","date_gmt":"2015-10-14T20:10:00","guid":{"rendered":"http:\/\/www.redenoticia.com.br\/noticia\/?p=76338"},"modified":"2015-10-14T17:10:00","modified_gmt":"2015-10-14T20:10:00","slug":"alta-do-dolar-aumenta-custos-de-producao-do-agronegocio","status":"publish","type":"post","link":"https:\/\/www.redenoticia.com.br\/noticia\/2015\/alta-do-dolar-aumenta-custos-de-producao-do-agronegocio\/76338","title":{"rendered":"Alta do d\u00f3lar aumenta custos de produ\u00e7\u00e3o do agroneg\u00f3cio"},"content":{"rendered":"<p> A Federa\u00e7\u00e3o da Agricultura do Rio Grande do Sul (Farsul) divulgou que a valoriza\u00e7\u00e3o do d\u00f3lar norte-americano determinou reajustes crescentes nos <strong><em>custos de produ\u00e7\u00e3o do agroneg\u00f3cio<\/em><\/strong>, no m\u00eas de setembro. O impacto cambial, com o d\u00f3lar acima de R$ 4, gerou aumento de 3,69%, de acordo com o \u00cdndice de Infla\u00e7\u00e3o dos Custos de Produ\u00e7\u00e3o (IICP), medido pela federa\u00e7\u00e3o ga\u00facha.<\/p>\n<p>No acumulado do ano, o reajuste do IICP chega a 11,04%, enquanto o \u00cdndice Nacional de Pre\u00e7os ao Consumidor Amplo (IPCA) ficou em 7,64%. Nos \u00faltimos 12 meses, o IICP acumula 15,70%, ante 9,49% do IPCA. O cen\u00e1rio preocupa a produ\u00e7\u00e3o rural, porque tradicionalmente os pre\u00e7os costumam ser corrigidos no segundo semestre devido \u00e0 sazonalidade dos custos. A valoriza\u00e7\u00e3o do d\u00f3lar cedeu um pouco, por\u00e9m, neste m\u00eas, para al\u00edvio de quem prepara as terras para plantio e precisa comprar insumos e fertilizantes.<\/p>\n<p>De acordo com a Farsul, o \u00cdndice de Infla\u00e7\u00e3o de Pre\u00e7os Recebidos (IIPR) tamb\u00e9m registrou alta de 4,96% em setembro, comparado ao m\u00eas anterior, por causa da influ\u00eancia cambial. Foi o terceiro m\u00eas consecutivo de altas expressivas. Com esse saldo, o acumulado do IIPR no ano chega a 12,77%, enquanto o IPCA Alimentos foi 7,56%, o que n\u00e3o ocorria desde dezembro de 2012. O principal respons\u00e1vel pelo aumento foi a carne su\u00edna, com alta de 21%, pois os gr\u00e3os tiveram aumento m\u00e9dio de apenas 5%.<\/p>\n<p>St\u00eanio Ribeiro \u2013 Rep\u00f3rter da Ag\u00eancia Brasil<br \/>\nEdi\u00e7\u00e3o: F\u00e1bio Massalli<\/p>\n","protected":false},"excerpt":{"rendered":"<p>A Federa\u00e7\u00e3o da Agricultura do Rio Grande do Sul (Farsul) divulgou que a valoriza\u00e7\u00e3o do d\u00f3lar norte-americano determinou reajustes crescentes nos custos de produ\u00e7\u00e3o do agroneg\u00f3cio, no m\u00eas de setembro. O impacto cambial, com o d\u00f3lar acima de R$ 4, gerou aumento de 3,69%, de acordo com o \u00cdndice de Infla\u00e7\u00e3o dos Custos de Produ\u00e7\u00e3o [&hellip;]<\/p>\n","protected":false},"author":2,"featured_media":57585,"comment_status":"open","ping_status":"closed","sticky":false,"template":"","format":"standard","meta":{"_genesis_hide_title":false,"_genesis_hide_breadcrumbs":false,"_genesis_hide_singular_image":false,"_genesis_hide_footer_widgets":false,"_genesis_custom_body_class":"","_genesis_custom_post_class":"","_genesis_layout":"","_jetpack_memberships_contains_paid_content":false,"footnotes":""},"categories":[22,7],"tags":[],"class_list":{"0":"post-76338","1":"post","2":"type-post","3":"status-publish","4":"format-standard","5":"has-post-thumbnail","7":"category-brasil","8":"category-economia","9":"entry","10":"gs-1","11":"gs-odd","12":"gs-even","13":"gs-featured-content-entry"},"jetpack_featured_media_url":"https:\/\/www.redenoticia.com.br\/noticia\/imagens\/analise-economia.jpg","jetpack_sharing_enabled":true,"jetpack_likes_enabled":true,"_links":{"self":[{"href":"https:\/\/www.redenoticia.com.br\/noticia\/wp-json\/wp\/v2\/posts\/76338","targetHints":{"allow":["GET"]}}],"collection":[{"href":"https:\/\/www.redenoticia.com.br\/noticia\/wp-json\/wp\/v2\/posts"}],"about":[{"href":"https:\/\/www.redenoticia.com.br\/noticia\/wp-json\/wp\/v2\/types\/post"}],"author":[{"embeddable":true,"href":"https:\/\/www.redenoticia.com.br\/noticia\/wp-json\/wp\/v2\/users\/2"}],"replies":[{"embeddable":true,"href":"https:\/\/www.redenoticia.com.br\/noticia\/wp-json\/wp\/v2\/comments?post=76338"}],"version-history":[{"count":0,"href":"https:\/\/www.redenoticia.com.br\/noticia\/wp-json\/wp\/v2\/posts\/76338\/revisions"}],"wp:featuredmedia":[{"embeddable":true,"href":"https:\/\/www.redenoticia.com.br\/noticia\/wp-json\/wp\/v2\/media\/57585"}],"wp:attachment":[{"href":"https:\/\/www.redenoticia.com.br\/noticia\/wp-json\/wp\/v2\/media?parent=76338"}],"wp:term":[{"taxonomy":"category","embeddable":true,"href":"https:\/\/www.redenoticia.com.br\/noticia\/wp-json\/wp\/v2\/categories?post=76338"},{"taxonomy":"post_tag","embeddable":true,"href":"https:\/\/www.redenoticia.com.br\/noticia\/wp-json\/wp\/v2\/tags?post=76338"}],"curies":[{"name":"wp","href":"https:\/\/api.w.org\/{rel}","templated":true}]}}