{"id":76162,"date":"2015-10-09T17:24:14","date_gmt":"2015-10-09T20:24:14","guid":{"rendered":"http:\/\/www.redenoticia.com.br\/noticia\/?p=76162"},"modified":"2015-10-09T17:24:14","modified_gmt":"2015-10-09T20:24:14","slug":"fmi-preve-que-brasil-so-voltara-a-ter-superavit-primario-em-2017","status":"publish","type":"post","link":"https:\/\/www.redenoticia.com.br\/noticia\/2015\/fmi-preve-que-brasil-so-voltara-a-ter-superavit-primario-em-2017\/76162","title":{"rendered":"FMI prev\u00ea que Brasil s\u00f3 voltar\u00e1 a ter super\u00e1vit prim\u00e1rio em 2017"},"content":{"rendered":"<p>Os resultados negativos nas contas p\u00fablicas continuar\u00e3o a se repetir, estimou o Fundo Monet\u00e1rio Internacional (FMI). No relat\u00f3rio Monitor Fiscal, divulgado na abertura da reuni\u00e3o do \u00f3rg\u00e3o em Lima, no Peru, o FMI prev\u00ea que somente a partir de 2017 o pa\u00eds voltar\u00e1 a registrar <strong><em>super\u00e1vit prim\u00e1rio<\/em><\/strong> \u2013 economia de recursos para pagar os juros da d\u00edvida p\u00fablica.<\/p>\n<p>De acordo com o FMI, depois de obter d\u00e9ficit prim\u00e1rio de 0,6% do Produto Interno Bruto (PIB, soma das riquezas produzidas no pa\u00eds) no ano passado, o Brasil encerrar\u00e1 o ano com d\u00e9ficit de 0,4%. O resultado fiscal vai piorar em 2016, com d\u00e9ficit de 0,9%, e s\u00f3 voltar\u00e1 a ficar positivo em 2017, com super\u00e1vit de 0,8%.<\/p>\n<p>Pelas estimativas do fundo, o super\u00e1vit subir\u00e1 para 2% do PIB em 2018 e alcan\u00e7ar\u00e1 2,5% em 2019 e 2020.<\/p>\n<p>Oficialmente, a meta de super\u00e1vit prim\u00e1rio para 2015 ser\u00e1 de 0,15% do PIB \u2013 dos quais 0,10% para o Governo Central (Tesouro Nacional, Previd\u00eancia Social e Banco Central) e 0,05% para estados e munic\u00edpios.<\/p>\n<p>Para o pr\u00f3ximo ano, o governo tinha encaminhado ao Congresso, no fim de agosto, um Or\u00e7amento com d\u00e9ficit prim\u00e1rio de R$ 30,5 bilh\u00f5es, mas, em setembro, comprometeu-se com uma meta de super\u00e1vit de R$ 34,4 bilh\u00f5es (0,7% do PIB).<\/p>\n<p>O ajuste depende da aprova\u00e7\u00e3o, pelo Congresso Nacional, de um pacote de corte de gastos e de cria\u00e7\u00e3o de tributos como a Contribui\u00e7\u00e3o Provis\u00f3ria sobre Movimenta\u00e7\u00e3o Financeira.<\/p>\n<p>O relat\u00f3rio do FMI usou como base a proposta original de or\u00e7amento, com d\u00e9ficit, para estimar o resultado prim\u00e1rio em 2016. \u201cAs proje\u00e7\u00f5es [para o Brasil] em 2015 levam em conta o desempenho do Or\u00e7amento at\u00e9 agosto de 2015, medidas de ajuste aprovadas pelo Congresso e a proposta de Or\u00e7amento anunciada pelo governo em 31 de agosto de 2015. Em outros anos [2017 em diante], as proje\u00e7\u00f5es s\u00e3o consistentes com os objetivos anunciados de super\u00e1vit prim\u00e1rio\u201d, esclareceu o documento.<\/p>\n<p>Segundo o Monitor Fiscal, a sequ\u00eancia de d\u00e9ficits prim\u00e1rios far\u00e1 a d\u00edvida p\u00fablica cair somente a partir de 2020. Pelas proje\u00e7\u00f5es, o Brasil, que encerrou 2014 com endividamento bruto em 65,2% do PIB, chegar\u00e1 ao fim deste ano com o indicador em 69,9% do PIB.<\/p>\n<p>A d\u00edvida p\u00fablica bruta subir\u00e1 para 74,5% do PIB em 2016, 75,8% em 2017, 76,5% em 2018 e 76,7% em 2019, caindo para 76,1% no ano seguinte.<\/p>\n<p>Principal indicador de estabilidade fiscal de um pa\u00eds, o super\u00e1vit prim\u00e1rio representa o esfor\u00e7o fiscal do governo para pagar os juros da d\u00edvida p\u00fablica. A economia de recursos, no m\u00e9dio e no longo prazos, impede que o endividamento de um pa\u00eds fuja do controle.<\/p>\n<p>Wellton M\u00e1ximo \u2013 Rep\u00f3rter da Ag\u00eancia Brasil<br \/>\nEdi\u00e7\u00e3o: Armando Cardoso<\/p>\n","protected":false},"excerpt":{"rendered":"<p>Os resultados negativos nas contas p\u00fablicas continuar\u00e3o a se repetir, estimou o Fundo Monet\u00e1rio Internacional (FMI). No relat\u00f3rio Monitor Fiscal, divulgado na abertura da reuni\u00e3o do \u00f3rg\u00e3o em Lima, no Peru, o FMI prev\u00ea que somente a partir de 2017 o pa\u00eds voltar\u00e1 a registrar super\u00e1vit prim\u00e1rio \u2013 economia de recursos para pagar os juros [&hellip;]<\/p>\n","protected":false},"author":2,"featured_media":57583,"comment_status":"open","ping_status":"closed","sticky":false,"template":"","format":"standard","meta":{"_genesis_hide_title":false,"_genesis_hide_breadcrumbs":false,"_genesis_hide_singular_image":false,"_genesis_hide_footer_widgets":false,"_genesis_custom_body_class":"","_genesis_custom_post_class":"","_genesis_layout":"","_jetpack_memberships_contains_paid_content":false,"footnotes":""},"categories":[22,7],"tags":[],"class_list":{"0":"post-76162","1":"post","2":"type-post","3":"status-publish","4":"format-standard","5":"has-post-thumbnail","7":"category-brasil","8":"category-economia","9":"entry","10":"gs-1","11":"gs-odd","12":"gs-even","13":"gs-featured-content-entry"},"jetpack_featured_media_url":"https:\/\/www.redenoticia.com.br\/noticia\/imagens\/economia-grafico.jpg","jetpack_sharing_enabled":true,"jetpack_likes_enabled":true,"_links":{"self":[{"href":"https:\/\/www.redenoticia.com.br\/noticia\/wp-json\/wp\/v2\/posts\/76162","targetHints":{"allow":["GET"]}}],"collection":[{"href":"https:\/\/www.redenoticia.com.br\/noticia\/wp-json\/wp\/v2\/posts"}],"about":[{"href":"https:\/\/www.redenoticia.com.br\/noticia\/wp-json\/wp\/v2\/types\/post"}],"author":[{"embeddable":true,"href":"https:\/\/www.redenoticia.com.br\/noticia\/wp-json\/wp\/v2\/users\/2"}],"replies":[{"embeddable":true,"href":"https:\/\/www.redenoticia.com.br\/noticia\/wp-json\/wp\/v2\/comments?post=76162"}],"version-history":[{"count":0,"href":"https:\/\/www.redenoticia.com.br\/noticia\/wp-json\/wp\/v2\/posts\/76162\/revisions"}],"wp:featuredmedia":[{"embeddable":true,"href":"https:\/\/www.redenoticia.com.br\/noticia\/wp-json\/wp\/v2\/media\/57583"}],"wp:attachment":[{"href":"https:\/\/www.redenoticia.com.br\/noticia\/wp-json\/wp\/v2\/media?parent=76162"}],"wp:term":[{"taxonomy":"category","embeddable":true,"href":"https:\/\/www.redenoticia.com.br\/noticia\/wp-json\/wp\/v2\/categories?post=76162"},{"taxonomy":"post_tag","embeddable":true,"href":"https:\/\/www.redenoticia.com.br\/noticia\/wp-json\/wp\/v2\/tags?post=76162"}],"curies":[{"name":"wp","href":"https:\/\/api.w.org\/{rel}","templated":true}]}}