{"id":76160,"date":"2015-10-09T17:20:42","date_gmt":"2015-10-09T20:20:42","guid":{"rendered":"http:\/\/www.redenoticia.com.br\/noticia\/?p=76160"},"modified":"2015-10-09T17:20:42","modified_gmt":"2015-10-09T20:20:42","slug":"planejamento-publica-primeiro-edital-de-licitacao-de-imoveis-da-uniao","status":"publish","type":"post","link":"https:\/\/www.redenoticia.com.br\/noticia\/2015\/planejamento-publica-primeiro-edital-de-licitacao-de-imoveis-da-uniao\/76160","title":{"rendered":"Planejamento publica primeiro edital de licita\u00e7\u00e3o de im\u00f3veis da Uni\u00e3o"},"content":{"rendered":"<p>O Minist\u00e9rio do Planejamento, Or\u00e7amento e Gest\u00e3o publicou o primeiro edital de licita\u00e7\u00e3o para <strong><em>venda de im\u00f3veis da Uni\u00e3o<\/em><\/strong>. O edital faz refer\u00eancia a oito im\u00f3veis no estado do Rio de Janeiro. As unidades s\u00e3o parte de um lote de 20 im\u00f3veis distribu\u00eddos em sete estados que o Planejamento pretende licitar com expectativa de arrecadar R$ 94,8 milh\u00f5es.<\/p>\n<p>O minist\u00e9rio divulgou ainda  de licita\u00e7\u00e3o com informa\u00e7\u00f5es sobre a concorr\u00eancia para venda dos demais im\u00f3veis desse primeiro lote. Al\u00e9m do Rio, ser\u00e3o alienadas unidades no Amazonas, Bahia, Minas Gerais, Rio Grande do Sul, S\u00e3o Paulo e Pernambuco. Para o ano que vem est\u00e1 prevista venda de mais im\u00f3veis e terrenos da Uni\u00e3o, com previs\u00e3o de arrecada\u00e7\u00e3o de R$ 1,769 bilh\u00e3o.<\/p>\n<p>Com essas opera\u00e7\u00f5es, o governo pretende reformar alguns pr\u00e9dios p\u00fablicos e construir edif\u00edcios novos. De acordo com o Planejamento, no m\u00e9dio e longo prazos isso trar\u00e1 economia nos gastos com aluguel.<\/p>\n<p>O ministro do Planejamento, Nelson Barbosa, detalhou como funcionar\u00e1 a estrat\u00e9gia no fim de agosto. Segundo ele, as medidas s\u00e3o parte da reforma administrativa do governo.<\/p>\n<p>Mariana Branco &#8211; Rep\u00f3rter da Ag\u00eancia Brasil<br \/>\nEdi\u00e7\u00e3o: Armando Cardoso<\/p>\n","protected":false},"excerpt":{"rendered":"<p>O Minist\u00e9rio do Planejamento, Or\u00e7amento e Gest\u00e3o publicou o primeiro edital de licita\u00e7\u00e3o para venda de im\u00f3veis da Uni\u00e3o. O edital faz refer\u00eancia a oito im\u00f3veis no estado do Rio de Janeiro. As unidades s\u00e3o parte de um lote de 20 im\u00f3veis distribu\u00eddos em sete estados que o Planejamento pretende licitar com expectativa de arrecadar [&hellip;]<\/p>\n","protected":false},"author":2,"featured_media":38938,"comment_status":"open","ping_status":"closed","sticky":false,"template":"","format":"standard","meta":{"_genesis_hide_title":false,"_genesis_hide_breadcrumbs":false,"_genesis_hide_singular_image":false,"_genesis_hide_footer_widgets":false,"_genesis_custom_body_class":"","_genesis_custom_post_class":"","_genesis_layout":"","_jetpack_memberships_contains_paid_content":false,"footnotes":""},"categories":[22],"tags":[],"class_list":{"0":"post-76160","1":"post","2":"type-post","3":"status-publish","4":"format-standard","5":"has-post-thumbnail","7":"category-brasil","8":"entry","9":"gs-1","10":"gs-odd","11":"gs-even","12":"gs-featured-content-entry"},"jetpack_featured_media_url":"https:\/\/www.redenoticia.com.br\/noticia\/imagens\/economia1.jpg","jetpack_sharing_enabled":true,"jetpack_likes_enabled":true,"_links":{"self":[{"href":"https:\/\/www.redenoticia.com.br\/noticia\/wp-json\/wp\/v2\/posts\/76160","targetHints":{"allow":["GET"]}}],"collection":[{"href":"https:\/\/www.redenoticia.com.br\/noticia\/wp-json\/wp\/v2\/posts"}],"about":[{"href":"https:\/\/www.redenoticia.com.br\/noticia\/wp-json\/wp\/v2\/types\/post"}],"author":[{"embeddable":true,"href":"https:\/\/www.redenoticia.com.br\/noticia\/wp-json\/wp\/v2\/users\/2"}],"replies":[{"embeddable":true,"href":"https:\/\/www.redenoticia.com.br\/noticia\/wp-json\/wp\/v2\/comments?post=76160"}],"version-history":[{"count":0,"href":"https:\/\/www.redenoticia.com.br\/noticia\/wp-json\/wp\/v2\/posts\/76160\/revisions"}],"wp:featuredmedia":[{"embeddable":true,"href":"https:\/\/www.redenoticia.com.br\/noticia\/wp-json\/wp\/v2\/media\/38938"}],"wp:attachment":[{"href":"https:\/\/www.redenoticia.com.br\/noticia\/wp-json\/wp\/v2\/media?parent=76160"}],"wp:term":[{"taxonomy":"category","embeddable":true,"href":"https:\/\/www.redenoticia.com.br\/noticia\/wp-json\/wp\/v2\/categories?post=76160"},{"taxonomy":"post_tag","embeddable":true,"href":"https:\/\/www.redenoticia.com.br\/noticia\/wp-json\/wp\/v2\/tags?post=76160"}],"curies":[{"name":"wp","href":"https:\/\/api.w.org\/{rel}","templated":true}]}}