{"id":76116,"date":"2015-10-08T17:13:06","date_gmt":"2015-10-08T20:13:06","guid":{"rendered":"http:\/\/www.redenoticia.com.br\/noticia\/?p=76116"},"modified":"2015-10-08T17:13:06","modified_gmt":"2015-10-08T20:13:06","slug":"venda-de-material-de-construcao-registra-recuo-de-168-em-setembro","status":"publish","type":"post","link":"https:\/\/www.redenoticia.com.br\/noticia\/2015\/venda-de-material-de-construcao-registra-recuo-de-168-em-setembro\/76116","title":{"rendered":"Venda de material de constru\u00e7\u00e3o registra recuo de 16,8% em setembro"},"content":{"rendered":"<p> As <strong><em>vendas de materiais de constru\u00e7\u00e3o<\/em><\/strong> no pa\u00eds ca\u00edram 16,8% em setembro, na compara\u00e7\u00e3o com igual m\u00eas do ano passado, e 2,3% sobre agosto \u00faltimo. No acumulado desde janeiro, h\u00e1 uma retra\u00e7\u00e3o de 11,4% e, nos \u00faltimos 12 meses, recuo de 10,2%.<\/p>\n<p>Os dados s\u00e3o da Associa\u00e7\u00e3o Brasileira da Ind\u00fastria de Materiais de Constru\u00e7\u00e3o (Abramat) e indicam uma redu\u00e7\u00e3o dos neg\u00f3cios em rela\u00e7\u00e3o ao m\u00eas passado, quando foi registrado um crescimento de 4,11%.<\/p>\n<p>\u201cAs vendas nos mercados imobili\u00e1rio e de infraestrutura apresentaram quedas mais acentuadas, em decorr\u00eancia das incertezas com a economia, que posterga a realiza\u00e7\u00e3o dos empreendimentos\u201d, afirmou, por meio de nota, o presidente da Abramat,Walter Cover.<\/p>\n<p>Segundo ele, al\u00e9m de um baixo desempenho em obras de casas populares vinculadas ao Projeto Minha Casa, Minha Vida , diminuiu principalmente a demanda nas lojas da rede varejista.<\/p>\n<p>\u201cO mercado do varejo, que nos \u00faltimos anos vinha crescendo a taxas bastante altas, tamb\u00e9m vem sofrendo por causa do aumento do desemprego, da renda e de restri\u00e7\u00f5es ao cr\u00e9dito\u201d.<\/p>\n<p>De acordo com Walter Cover , o pa\u00eds precisa concluir r\u00e1pido os ajustes na economia para retomada do crescimento.<\/p>\n<p>Embora reconhe\u00e7a que o d\u00f3lar valorizado favorece o setor por meio da substitui\u00e7\u00e3o de itens importados, o dirigente empresarial afirmou que faltam defini\u00e7\u00f5es sobre a pol\u00edtica cambial, de modo que se possa projetar os reais benef\u00edcios dessa mudan\u00e7a.<\/p>\n<p>Marli Moreira &#8211; Rep\u00f3rter da Ag\u00eancia Brasil<br \/>\nEdi\u00e7\u00e3o: Armando Cardoso<\/p>\n","protected":false},"excerpt":{"rendered":"<p>As vendas de materiais de constru\u00e7\u00e3o no pa\u00eds ca\u00edram 16,8% em setembro, na compara\u00e7\u00e3o com igual m\u00eas do ano passado, e 2,3% sobre agosto \u00faltimo. No acumulado desde janeiro, h\u00e1 uma retra\u00e7\u00e3o de 11,4% e, nos \u00faltimos 12 meses, recuo de 10,2%. Os dados s\u00e3o da Associa\u00e7\u00e3o Brasileira da Ind\u00fastria de Materiais de Constru\u00e7\u00e3o (Abramat) [&hellip;]<\/p>\n","protected":false},"author":2,"featured_media":38938,"comment_status":"open","ping_status":"closed","sticky":false,"template":"","format":"standard","meta":{"_genesis_hide_title":false,"_genesis_hide_breadcrumbs":false,"_genesis_hide_singular_image":false,"_genesis_hide_footer_widgets":false,"_genesis_custom_body_class":"","_genesis_custom_post_class":"","_genesis_layout":"","_jetpack_memberships_contains_paid_content":false,"footnotes":""},"categories":[22,7],"tags":[],"class_list":{"0":"post-76116","1":"post","2":"type-post","3":"status-publish","4":"format-standard","5":"has-post-thumbnail","7":"category-brasil","8":"category-economia","9":"entry","10":"gs-1","11":"gs-odd","12":"gs-even","13":"gs-featured-content-entry"},"jetpack_featured_media_url":"https:\/\/www.redenoticia.com.br\/noticia\/imagens\/economia1.jpg","jetpack_sharing_enabled":true,"jetpack_likes_enabled":true,"_links":{"self":[{"href":"https:\/\/www.redenoticia.com.br\/noticia\/wp-json\/wp\/v2\/posts\/76116","targetHints":{"allow":["GET"]}}],"collection":[{"href":"https:\/\/www.redenoticia.com.br\/noticia\/wp-json\/wp\/v2\/posts"}],"about":[{"href":"https:\/\/www.redenoticia.com.br\/noticia\/wp-json\/wp\/v2\/types\/post"}],"author":[{"embeddable":true,"href":"https:\/\/www.redenoticia.com.br\/noticia\/wp-json\/wp\/v2\/users\/2"}],"replies":[{"embeddable":true,"href":"https:\/\/www.redenoticia.com.br\/noticia\/wp-json\/wp\/v2\/comments?post=76116"}],"version-history":[{"count":0,"href":"https:\/\/www.redenoticia.com.br\/noticia\/wp-json\/wp\/v2\/posts\/76116\/revisions"}],"wp:featuredmedia":[{"embeddable":true,"href":"https:\/\/www.redenoticia.com.br\/noticia\/wp-json\/wp\/v2\/media\/38938"}],"wp:attachment":[{"href":"https:\/\/www.redenoticia.com.br\/noticia\/wp-json\/wp\/v2\/media?parent=76116"}],"wp:term":[{"taxonomy":"category","embeddable":true,"href":"https:\/\/www.redenoticia.com.br\/noticia\/wp-json\/wp\/v2\/categories?post=76116"},{"taxonomy":"post_tag","embeddable":true,"href":"https:\/\/www.redenoticia.com.br\/noticia\/wp-json\/wp\/v2\/tags?post=76116"}],"curies":[{"name":"wp","href":"https:\/\/api.w.org\/{rel}","templated":true}]}}