{"id":76114,"date":"2015-10-08T17:12:07","date_gmt":"2015-10-08T20:12:07","guid":{"rendered":"http:\/\/www.redenoticia.com.br\/noticia\/?p=76114"},"modified":"2015-10-08T17:12:07","modified_gmt":"2015-10-08T20:12:07","slug":"confianca-de-empresarios-do-comercio-cai-41-de-agosto-para-setembro","status":"publish","type":"post","link":"https:\/\/www.redenoticia.com.br\/noticia\/2015\/confianca-de-empresarios-do-comercio-cai-41-de-agosto-para-setembro\/76114","title":{"rendered":"Confian\u00e7a de empres\u00e1rios do com\u00e9rcio cai 4,1% de agosto para setembro"},"content":{"rendered":"<p> O <strong><em>\u00cdndice de Confian\u00e7a do Empres\u00e1rio<\/em><\/strong> do Com\u00e9rcio (Icec), medido pela Confedera\u00e7\u00e3o Nacional do Com\u00e9rcio de Bens, Servi\u00e7os e Turismo (CNC), caiu 4,1% na passagem de agosto para setembro deste ano. Esta foi a 11\u00aa queda mensal consecutiva do indicador, que avalia a opini\u00e3o dos empres\u00e1rios em rela\u00e7\u00e3o aos investimentos, ao seu neg\u00f3cio, ao segmento comercial e \u00e0 economia no presente e no futuro. Na compara\u00e7\u00e3o com setembro de 2014, a queda foi mais acentuada: 26,6%.<\/p>\n<p>Na compara\u00e7\u00e3o mensal, a queda da confian\u00e7a foi puxada pela condi\u00e7\u00f5es atuais, que teve recuo de 8,3%. Os empres\u00e1rios est\u00e3o menos confiantes na economia (-14,8%), no com\u00e9rcio (-9,2%) e em seus pr\u00f3prios neg\u00f3cios (-5%).<\/p>\n<p>As expectativas em rela\u00e7\u00e3o ao futuro tiveram queda de 2,4%, devido ao menor otimismo em rela\u00e7\u00e3o \u00e0 economia (-4,1%), ao com\u00e9rcio (-2,3%) e \u00e0 sua empresa (-1,3%). As inten\u00e7\u00f5es de investimento est\u00e3o 3,3% menores do que em agosto, devido ao recuo na inten\u00e7\u00e3o de contrata\u00e7\u00e3o de funcion\u00e1rios (-5,1%), na inten\u00e7\u00e3o de investir na empresa (-4,8%) e nos estoques (-0,2%).<\/p>\n<p>Vitor Abdala \u2013 Rep\u00f3rter da Ag\u00eancia Brasil<br \/>\nEdi\u00e7\u00e3o: Denise Griesinger<\/p>\n","protected":false},"excerpt":{"rendered":"<p>O \u00cdndice de Confian\u00e7a do Empres\u00e1rio do Com\u00e9rcio (Icec), medido pela Confedera\u00e7\u00e3o Nacional do Com\u00e9rcio de Bens, Servi\u00e7os e Turismo (CNC), caiu 4,1% na passagem de agosto para setembro deste ano. Esta foi a 11\u00aa queda mensal consecutiva do indicador, que avalia a opini\u00e3o dos empres\u00e1rios em rela\u00e7\u00e3o aos investimentos, ao seu neg\u00f3cio, ao segmento [&hellip;]<\/p>\n","protected":false},"author":2,"featured_media":57583,"comment_status":"open","ping_status":"closed","sticky":false,"template":"","format":"standard","meta":{"_genesis_hide_title":false,"_genesis_hide_breadcrumbs":false,"_genesis_hide_singular_image":false,"_genesis_hide_footer_widgets":false,"_genesis_custom_body_class":"","_genesis_custom_post_class":"","_genesis_layout":"","_jetpack_memberships_contains_paid_content":false,"footnotes":""},"categories":[22,7],"tags":[],"class_list":{"0":"post-76114","1":"post","2":"type-post","3":"status-publish","4":"format-standard","5":"has-post-thumbnail","7":"category-brasil","8":"category-economia","9":"entry","10":"gs-1","11":"gs-odd","12":"gs-even","13":"gs-featured-content-entry"},"jetpack_featured_media_url":"https:\/\/www.redenoticia.com.br\/noticia\/imagens\/economia-grafico.jpg","jetpack_sharing_enabled":true,"jetpack_likes_enabled":true,"_links":{"self":[{"href":"https:\/\/www.redenoticia.com.br\/noticia\/wp-json\/wp\/v2\/posts\/76114","targetHints":{"allow":["GET"]}}],"collection":[{"href":"https:\/\/www.redenoticia.com.br\/noticia\/wp-json\/wp\/v2\/posts"}],"about":[{"href":"https:\/\/www.redenoticia.com.br\/noticia\/wp-json\/wp\/v2\/types\/post"}],"author":[{"embeddable":true,"href":"https:\/\/www.redenoticia.com.br\/noticia\/wp-json\/wp\/v2\/users\/2"}],"replies":[{"embeddable":true,"href":"https:\/\/www.redenoticia.com.br\/noticia\/wp-json\/wp\/v2\/comments?post=76114"}],"version-history":[{"count":0,"href":"https:\/\/www.redenoticia.com.br\/noticia\/wp-json\/wp\/v2\/posts\/76114\/revisions"}],"wp:featuredmedia":[{"embeddable":true,"href":"https:\/\/www.redenoticia.com.br\/noticia\/wp-json\/wp\/v2\/media\/57583"}],"wp:attachment":[{"href":"https:\/\/www.redenoticia.com.br\/noticia\/wp-json\/wp\/v2\/media?parent=76114"}],"wp:term":[{"taxonomy":"category","embeddable":true,"href":"https:\/\/www.redenoticia.com.br\/noticia\/wp-json\/wp\/v2\/categories?post=76114"},{"taxonomy":"post_tag","embeddable":true,"href":"https:\/\/www.redenoticia.com.br\/noticia\/wp-json\/wp\/v2\/tags?post=76114"}],"curies":[{"name":"wp","href":"https:\/\/api.w.org\/{rel}","templated":true}]}}