{"id":76112,"date":"2015-10-08T17:10:58","date_gmt":"2015-10-08T20:10:58","guid":{"rendered":"http:\/\/www.redenoticia.com.br\/noticia\/?p=76112"},"modified":"2015-10-08T17:10:58","modified_gmt":"2015-10-08T20:10:58","slug":"juros-bancarios-sao-os-maiores-em-20-anos-informa-pesquisa-do-procon","status":"publish","type":"post","link":"https:\/\/www.redenoticia.com.br\/noticia\/2015\/juros-bancarios-sao-os-maiores-em-20-anos-informa-pesquisa-do-procon\/76112","title":{"rendered":"Juros banc\u00e1rios s\u00e3o os maiores em 20 anos, informa pesquisa do Procon"},"content":{"rendered":"<p> Os <strong><em>juros do cheque especial<\/em><\/strong> chegaram a 12,28% no m\u00eas em outubro \u2013 a maior marca desde setembro de 1995 \u2013 quando a taxa era 12,58%, informa pesquisa da Funda\u00e7\u00e3o Procon-SP.<\/p>\n<p>Das sete institui\u00e7\u00f5es financeiras que fazem parte da pesquisa, cinco elevaram a taxa do cheque especial e uma a do empr\u00e9stimo pessoal. A taxa m\u00e9dia do cheque especial chegou a 12,28% ao m\u00eas, superior \u00e0 do m\u00eas anterior, equivalente a 11,90%, acr\u00e9scimo de 0,38 ponto percentual.<\/p>\n<p>A maior alta verificada ocorreu na Caixa Econ\u00f4mica Federal, que alterou a taxa de 10,35% para 11,38% ao m\u00eas, varia\u00e7\u00e3o de 9,95% em rela\u00e7\u00e3o \u00e0 taxa de setembro. O Santander registrou varia\u00e7\u00e3o positiva de 4,21% em rela\u00e7\u00e3o ao m\u00eas anterior, o Banco do Brasil teve varia\u00e7\u00e3o de 3,69%, o Ita\u00fa, varia\u00e7\u00e3o de 2,58%, e o Bradesco, varia\u00e7\u00e3o de 2,41%. Os demais bancos mantiveram suas taxas.<\/p>\n<p>No empr\u00e9stimo pessoal, a taxa m\u00e9dia dos bancos pesquisados foi 6,27% ao m\u00eas, superior \u00e0 do m\u00eas anterior, que foi 6,26%. Nesta linha de cr\u00e9dito, o Bradesco elevou a taxa de 6,57% para 6,61% ao m\u00eas, varia\u00e7\u00e3o positiva de 0,61% em rela\u00e7\u00e3o \u00e0 taxa de setembro. Os demais bancos mantiveram suas taxas.<\/p>\n<p>Fernanda Cruz &#8211; Rep\u00f3rter da Ag\u00eancia Brasil<br \/>\nEdi\u00e7\u00e3o: Jos\u00e9 Romildo<\/p>\n","protected":false},"excerpt":{"rendered":"<p>Os juros do cheque especial chegaram a 12,28% no m\u00eas em outubro \u2013 a maior marca desde setembro de 1995 \u2013 quando a taxa era 12,58%, informa pesquisa da Funda\u00e7\u00e3o Procon-SP. Das sete institui\u00e7\u00f5es financeiras que fazem parte da pesquisa, cinco elevaram a taxa do cheque especial e uma a do empr\u00e9stimo pessoal. A taxa [&hellip;]<\/p>\n","protected":false},"author":2,"featured_media":38940,"comment_status":"open","ping_status":"closed","sticky":false,"template":"","format":"standard","meta":{"_genesis_hide_title":false,"_genesis_hide_breadcrumbs":false,"_genesis_hide_singular_image":false,"_genesis_hide_footer_widgets":false,"_genesis_custom_body_class":"","_genesis_custom_post_class":"","_genesis_layout":"","_jetpack_memberships_contains_paid_content":false,"footnotes":""},"categories":[22,7],"tags":[],"class_list":{"0":"post-76112","1":"post","2":"type-post","3":"status-publish","4":"format-standard","5":"has-post-thumbnail","7":"category-brasil","8":"category-economia","9":"entry","10":"gs-1","11":"gs-odd","12":"gs-even","13":"gs-featured-content-entry"},"jetpack_featured_media_url":"https:\/\/www.redenoticia.com.br\/noticia\/imagens\/grafico.jpg","jetpack_sharing_enabled":true,"jetpack_likes_enabled":true,"_links":{"self":[{"href":"https:\/\/www.redenoticia.com.br\/noticia\/wp-json\/wp\/v2\/posts\/76112","targetHints":{"allow":["GET"]}}],"collection":[{"href":"https:\/\/www.redenoticia.com.br\/noticia\/wp-json\/wp\/v2\/posts"}],"about":[{"href":"https:\/\/www.redenoticia.com.br\/noticia\/wp-json\/wp\/v2\/types\/post"}],"author":[{"embeddable":true,"href":"https:\/\/www.redenoticia.com.br\/noticia\/wp-json\/wp\/v2\/users\/2"}],"replies":[{"embeddable":true,"href":"https:\/\/www.redenoticia.com.br\/noticia\/wp-json\/wp\/v2\/comments?post=76112"}],"version-history":[{"count":0,"href":"https:\/\/www.redenoticia.com.br\/noticia\/wp-json\/wp\/v2\/posts\/76112\/revisions"}],"wp:featuredmedia":[{"embeddable":true,"href":"https:\/\/www.redenoticia.com.br\/noticia\/wp-json\/wp\/v2\/media\/38940"}],"wp:attachment":[{"href":"https:\/\/www.redenoticia.com.br\/noticia\/wp-json\/wp\/v2\/media?parent=76112"}],"wp:term":[{"taxonomy":"category","embeddable":true,"href":"https:\/\/www.redenoticia.com.br\/noticia\/wp-json\/wp\/v2\/categories?post=76112"},{"taxonomy":"post_tag","embeddable":true,"href":"https:\/\/www.redenoticia.com.br\/noticia\/wp-json\/wp\/v2\/tags?post=76112"}],"curies":[{"name":"wp","href":"https:\/\/api.w.org\/{rel}","templated":true}]}}