{"id":76110,"date":"2015-10-08T17:09:45","date_gmt":"2015-10-08T20:09:45","guid":{"rendered":"http:\/\/www.redenoticia.com.br\/noticia\/?p=76110"},"modified":"2015-10-08T17:09:45","modified_gmt":"2015-10-08T20:09:45","slug":"aberta-consulta-publica-sobre-novo-processo-de-exportacao","status":"publish","type":"post","link":"https:\/\/www.redenoticia.com.br\/noticia\/2015\/aberta-consulta-publica-sobre-novo-processo-de-exportacao\/76110","title":{"rendered":"Aberta consulta p\u00fablica sobre novo processo de exporta\u00e7\u00e3o"},"content":{"rendered":"<p>Comerciantes e operadores de com\u00e9rcio exterior poder\u00e3o dar sugest\u00f5es sobre o <strong><em>novo processo de exporta\u00e7\u00e3o<\/em><\/strong> em estudo pelo governo. O Minist\u00e9rio do Desenvolvimento, Ind\u00fastria e Com\u00e9rcio Exterior e a Receita Federal abriram consulta p\u00fablica sobre a proposta do governo para desburocratizar as exporta\u00e7\u00f5es.<\/p>\n<p>A consulta vai at\u00e9 o dia 30 e pode ser feita no Portal Siscomex, no endere\u00e7o . Os interessados ter\u00e3o acesso a uma cartilha eletr\u00f4nica, na qual constam as principais altera\u00e7\u00f5es propostas, podendo opinar sobre os procedimentos conforme instru\u00e7\u00f5es presentes na pr\u00f3pria cartilha.<\/p>\n<p>De acordo com a Receita, as medidas propostas t\u00eam como objetivo estabelecer processos mais eficientes e integrados entre todos os envolvidos no com\u00e9rcio exterior, abrangendo tanto comerciantes como despachantes e aduaneiros.<\/p>\n<p>Um primeiro passo, segundo o governo, foi dado por meio do Portal \u00danico de Com\u00e9rcio Exterior. Lan\u00e7ada em abril, a ferramenta unifica todos os sistemas de importa\u00e7\u00e3o e exporta\u00e7\u00e3o e prev\u00ea a recep\u00e7\u00e3o de documentos exclusivamente digitais at\u00e9 o fim do ano. A primeira etapa do projeto \u00e9 o Portal Siscomex.<\/p>\n<p>Wellton M\u00e1ximo &#8211; Rep\u00f3rter da Ag\u00eancia Brasil<br \/>\nEdi\u00e7\u00e3o: A\u00e9cio Amado<\/p>\n","protected":false},"excerpt":{"rendered":"<p>Comerciantes e operadores de com\u00e9rcio exterior poder\u00e3o dar sugest\u00f5es sobre o novo processo de exporta\u00e7\u00e3o em estudo pelo governo. O Minist\u00e9rio do Desenvolvimento, Ind\u00fastria e Com\u00e9rcio Exterior e a Receita Federal abriram consulta p\u00fablica sobre a proposta do governo para desburocratizar as exporta\u00e7\u00f5es. A consulta vai at\u00e9 o dia 30 e pode ser feita no [&hellip;]<\/p>\n","protected":false},"author":2,"featured_media":37419,"comment_status":"open","ping_status":"closed","sticky":false,"template":"","format":"standard","meta":{"_genesis_hide_title":false,"_genesis_hide_breadcrumbs":false,"_genesis_hide_singular_image":false,"_genesis_hide_footer_widgets":false,"_genesis_custom_body_class":"","_genesis_custom_post_class":"","_genesis_layout":"","_jetpack_memberships_contains_paid_content":false,"footnotes":""},"categories":[22,7],"tags":[],"class_list":{"0":"post-76110","1":"post","2":"type-post","3":"status-publish","4":"format-standard","5":"has-post-thumbnail","7":"category-brasil","8":"category-economia","9":"entry","10":"gs-1","11":"gs-odd","12":"gs-even","13":"gs-featured-content-entry"},"jetpack_featured_media_url":"https:\/\/www.redenoticia.com.br\/noticia\/imagens\/computador-tecnologia.jpg","jetpack_sharing_enabled":true,"jetpack_likes_enabled":true,"_links":{"self":[{"href":"https:\/\/www.redenoticia.com.br\/noticia\/wp-json\/wp\/v2\/posts\/76110","targetHints":{"allow":["GET"]}}],"collection":[{"href":"https:\/\/www.redenoticia.com.br\/noticia\/wp-json\/wp\/v2\/posts"}],"about":[{"href":"https:\/\/www.redenoticia.com.br\/noticia\/wp-json\/wp\/v2\/types\/post"}],"author":[{"embeddable":true,"href":"https:\/\/www.redenoticia.com.br\/noticia\/wp-json\/wp\/v2\/users\/2"}],"replies":[{"embeddable":true,"href":"https:\/\/www.redenoticia.com.br\/noticia\/wp-json\/wp\/v2\/comments?post=76110"}],"version-history":[{"count":0,"href":"https:\/\/www.redenoticia.com.br\/noticia\/wp-json\/wp\/v2\/posts\/76110\/revisions"}],"wp:featuredmedia":[{"embeddable":true,"href":"https:\/\/www.redenoticia.com.br\/noticia\/wp-json\/wp\/v2\/media\/37419"}],"wp:attachment":[{"href":"https:\/\/www.redenoticia.com.br\/noticia\/wp-json\/wp\/v2\/media?parent=76110"}],"wp:term":[{"taxonomy":"category","embeddable":true,"href":"https:\/\/www.redenoticia.com.br\/noticia\/wp-json\/wp\/v2\/categories?post=76110"},{"taxonomy":"post_tag","embeddable":true,"href":"https:\/\/www.redenoticia.com.br\/noticia\/wp-json\/wp\/v2\/tags?post=76110"}],"curies":[{"name":"wp","href":"https:\/\/api.w.org\/{rel}","templated":true}]}}