{"id":76108,"date":"2015-10-08T17:08:13","date_gmt":"2015-10-08T20:08:13","guid":{"rendered":"http:\/\/www.redenoticia.com.br\/noticia\/?p=76108"},"modified":"2015-10-08T17:08:13","modified_gmt":"2015-10-08T20:08:13","slug":"indice-nacional-aponta-estado-com-melhor-condicao-de-ensino","status":"publish","type":"post","link":"https:\/\/www.redenoticia.com.br\/noticia\/2015\/indice-nacional-aponta-estado-com-melhor-condicao-de-ensino\/76108","title":{"rendered":"\u00cdndice nacional aponta Estado com melhor condi\u00e7\u00e3o de ensino"},"content":{"rendered":"<p>S\u00e3o Paulo \u00e9 o Estado brasileiro que oferece as melhores condi\u00e7\u00f5es de <strong><em>ensino e aprendizagem<\/em><\/strong> para crian\u00e7as e adolescentes. O resultado faz parte de uma pesquisa divulgada pelo Centro de Lideran\u00e7a P\u00fablica.<\/p>\n<p>O  (IOEB) avalia a situa\u00e7\u00e3o de munic\u00edpios e estados do ciclo infantil ao ensino m\u00e9dio, das redes p\u00fablicas e privadas. A m\u00e9dia paulista \u00e9 de 5,1.<\/p>\n<p>O estudo leva em considera\u00e7\u00e3o os n\u00fameros do Ideb (\u00cdndice de Desenvolvimento da Educa\u00e7\u00e3o B\u00e1sica) e crit\u00e9rios como escolaridade dos professores, experi\u00eancia dos diretores, taxa de atendimento de crian\u00e7as entre 0 e 6 anos e a jornada de aulas por dia. De acordo com a pesquisa, S\u00e3o Paulo est\u00e1 \u00e0 frente de Minas Gerais e Santa Catarina, que obtiveram nota 5.<\/p>\n<p>O \u00edndice foi desenvolvido com apoio de pesquisadores do Instituto Pen\u00ednsula, da Funda\u00e7\u00e3o Roberto Marinho e da Funda\u00e7\u00e3o Lemann e deve servir de refer\u00eancia para mapear modelos e propor novas pol\u00edticas p\u00fablicas.<\/p>\n<p>Entre os 25 munic\u00edpios mais bem colocados, 10 s\u00e3o paulistas: Novo Horizonte, Paranapu\u00e3, Monte Castelo, Birigui, Fartura, Atibaia, Cajobi, Junqueir\u00f3polis, Jundia\u00ed e Tupi Paulista.<\/p>\n<p>Do Portal do Governo do Estado SP<\/p>\n","protected":false},"excerpt":{"rendered":"<p>S\u00e3o Paulo \u00e9 o Estado brasileiro que oferece as melhores condi\u00e7\u00f5es de ensino e aprendizagem para crian\u00e7as e adolescentes. O resultado faz parte de uma pesquisa divulgada pelo Centro de Lideran\u00e7a P\u00fablica. O (IOEB) avalia a situa\u00e7\u00e3o de munic\u00edpios e estados do ciclo infantil ao ensino m\u00e9dio, das redes p\u00fablicas e privadas. A m\u00e9dia paulista [&hellip;]<\/p>\n","protected":false},"author":2,"featured_media":36244,"comment_status":"open","ping_status":"closed","sticky":false,"template":"","format":"standard","meta":{"_genesis_hide_title":false,"_genesis_hide_breadcrumbs":false,"_genesis_hide_singular_image":false,"_genesis_hide_footer_widgets":false,"_genesis_custom_body_class":"","_genesis_custom_post_class":"","_genesis_layout":"","_jetpack_memberships_contains_paid_content":false,"footnotes":""},"categories":[22],"tags":[],"class_list":{"0":"post-76108","1":"post","2":"type-post","3":"status-publish","4":"format-standard","5":"has-post-thumbnail","7":"category-brasil","8":"entry","9":"gs-1","10":"gs-odd","11":"gs-even","12":"gs-featured-content-entry"},"jetpack_featured_media_url":"https:\/\/www.redenoticia.com.br\/noticia\/imagens\/aluno-vestibular.jpg","jetpack_sharing_enabled":true,"jetpack_likes_enabled":true,"_links":{"self":[{"href":"https:\/\/www.redenoticia.com.br\/noticia\/wp-json\/wp\/v2\/posts\/76108","targetHints":{"allow":["GET"]}}],"collection":[{"href":"https:\/\/www.redenoticia.com.br\/noticia\/wp-json\/wp\/v2\/posts"}],"about":[{"href":"https:\/\/www.redenoticia.com.br\/noticia\/wp-json\/wp\/v2\/types\/post"}],"author":[{"embeddable":true,"href":"https:\/\/www.redenoticia.com.br\/noticia\/wp-json\/wp\/v2\/users\/2"}],"replies":[{"embeddable":true,"href":"https:\/\/www.redenoticia.com.br\/noticia\/wp-json\/wp\/v2\/comments?post=76108"}],"version-history":[{"count":0,"href":"https:\/\/www.redenoticia.com.br\/noticia\/wp-json\/wp\/v2\/posts\/76108\/revisions"}],"wp:featuredmedia":[{"embeddable":true,"href":"https:\/\/www.redenoticia.com.br\/noticia\/wp-json\/wp\/v2\/media\/36244"}],"wp:attachment":[{"href":"https:\/\/www.redenoticia.com.br\/noticia\/wp-json\/wp\/v2\/media?parent=76108"}],"wp:term":[{"taxonomy":"category","embeddable":true,"href":"https:\/\/www.redenoticia.com.br\/noticia\/wp-json\/wp\/v2\/categories?post=76108"},{"taxonomy":"post_tag","embeddable":true,"href":"https:\/\/www.redenoticia.com.br\/noticia\/wp-json\/wp\/v2\/tags?post=76108"}],"curies":[{"name":"wp","href":"https:\/\/api.w.org\/{rel}","templated":true}]}}