{"id":76079,"date":"2015-10-07T18:30:28","date_gmt":"2015-10-07T21:30:28","guid":{"rendered":"http:\/\/www.redenoticia.com.br\/noticia\/?p=76079"},"modified":"2015-10-07T18:30:28","modified_gmt":"2015-10-07T21:30:28","slug":"inflacao-medida-pela-fgv-acumula-taxa-de-931-em-12-meses","status":"publish","type":"post","link":"https:\/\/www.redenoticia.com.br\/noticia\/2015\/inflacao-medida-pela-fgv-acumula-taxa-de-931-em-12-meses\/76079","title":{"rendered":"Infla\u00e7\u00e3o medida pela FGV acumula taxa de 9,31% em 12 meses"},"content":{"rendered":"<p> A <strong><em>infla\u00e7\u00e3o<\/em><\/strong> medida pelo \u00cdndice Geral de Pre\u00e7os \u2013 Disponibilidade Interna (IGP-DI) acumula taxa de 9,31% em 12 meses. Segundo a Funda\u00e7\u00e3o Getulio Vargas (FGV), o IGP-DI ficou em 1,42%, em setembro deste ano, taxa superior aos \u00edndices de 0,4%, registrado em agosto deste ano, e de 0,02%, verificado de setembro do ano passado.<\/p>\n<p>A alta da taxa de setembro, em compara\u00e7\u00e3o a agosto, foi puxada pelos pre\u00e7os no atacado e no varejo. O \u00cdndice de Pre\u00e7os ao Produtor Amplo, que analisa o atacado, passou de 0,44% em agosto para 2,02% em setembro. J\u00e1 a infla\u00e7\u00e3o do \u00cdndice de Pre\u00e7os ao Consumidor, que mede os pre\u00e7os no varejo, subiu de 0,22% para 0,42% no per\u00edodo.<\/p>\n<p>O \u00cdndice Nacional de Custo da Constru\u00e7\u00e3o caiu de 0,59% em agosto, para 0,22% em setembro. O IGP-DI \u00e9 calculado com base em pre\u00e7os coletados entre os dias 1\u00ba e 30 do m\u00eas de refer\u00eancia.<\/p>\n<p>Vitor Abdala &#8211; Rep\u00f3rter da Ag\u00eancia Brasil<br \/>\nEdi\u00e7\u00e3o: Jos\u00e9 Romildo<\/p>\n<p>&#8212;<br \/>\nA Empresa Brasil de Comunica\u00e7\u00e3o \u00e9 uma institui\u00e7\u00e3o da democracia brasileira: p\u00fablica, inclusiva e cidad\u00e3. Criada em 2007 para fortalecer o sistema p\u00fablico de comunica\u00e7\u00e3o, \u00e9 gestora dos canais TV Brasil, TV Brasil Internacional, Ag\u00eancia Brasil, Radioag\u00eancia Nacional e do sistema p\u00fablico de R\u00e1dio \u2013 composto por oito emissoras. Estes, por sua independ\u00eancia editorial, distinguem-se dos canais estatais ou governamentais, com conte\u00fados diferenciados e complementares aos canais privados. Os ve\u00edculos da EBC t\u00eam autonomia para definir produ\u00e7\u00e3o, programa\u00e7\u00e3o e distribui\u00e7\u00e3o de conte\u00fados.<\/p>\n","protected":false},"excerpt":{"rendered":"<p>A infla\u00e7\u00e3o medida pelo \u00cdndice Geral de Pre\u00e7os \u2013 Disponibilidade Interna (IGP-DI) acumula taxa de 9,31% em 12 meses. Segundo a Funda\u00e7\u00e3o Getulio Vargas (FGV), o IGP-DI ficou em 1,42%, em setembro deste ano, taxa superior aos \u00edndices de 0,4%, registrado em agosto deste ano, e de 0,02%, verificado de setembro do ano passado. A [&hellip;]<\/p>\n","protected":false},"author":2,"featured_media":34916,"comment_status":"open","ping_status":"closed","sticky":false,"template":"","format":"standard","meta":{"_genesis_hide_title":false,"_genesis_hide_breadcrumbs":false,"_genesis_hide_singular_image":false,"_genesis_hide_footer_widgets":false,"_genesis_custom_body_class":"","_genesis_custom_post_class":"","_genesis_layout":"","_jetpack_memberships_contains_paid_content":false,"footnotes":""},"categories":[22,7],"tags":[],"class_list":{"0":"post-76079","1":"post","2":"type-post","3":"status-publish","4":"format-standard","5":"has-post-thumbnail","7":"category-brasil","8":"category-economia","9":"entry","10":"gs-1","11":"gs-odd","12":"gs-even","13":"gs-featured-content-entry"},"jetpack_featured_media_url":"https:\/\/www.redenoticia.com.br\/noticia\/imagens\/inflacao.jpg","jetpack_sharing_enabled":true,"jetpack_likes_enabled":true,"_links":{"self":[{"href":"https:\/\/www.redenoticia.com.br\/noticia\/wp-json\/wp\/v2\/posts\/76079","targetHints":{"allow":["GET"]}}],"collection":[{"href":"https:\/\/www.redenoticia.com.br\/noticia\/wp-json\/wp\/v2\/posts"}],"about":[{"href":"https:\/\/www.redenoticia.com.br\/noticia\/wp-json\/wp\/v2\/types\/post"}],"author":[{"embeddable":true,"href":"https:\/\/www.redenoticia.com.br\/noticia\/wp-json\/wp\/v2\/users\/2"}],"replies":[{"embeddable":true,"href":"https:\/\/www.redenoticia.com.br\/noticia\/wp-json\/wp\/v2\/comments?post=76079"}],"version-history":[{"count":0,"href":"https:\/\/www.redenoticia.com.br\/noticia\/wp-json\/wp\/v2\/posts\/76079\/revisions"}],"wp:featuredmedia":[{"embeddable":true,"href":"https:\/\/www.redenoticia.com.br\/noticia\/wp-json\/wp\/v2\/media\/34916"}],"wp:attachment":[{"href":"https:\/\/www.redenoticia.com.br\/noticia\/wp-json\/wp\/v2\/media?parent=76079"}],"wp:term":[{"taxonomy":"category","embeddable":true,"href":"https:\/\/www.redenoticia.com.br\/noticia\/wp-json\/wp\/v2\/categories?post=76079"},{"taxonomy":"post_tag","embeddable":true,"href":"https:\/\/www.redenoticia.com.br\/noticia\/wp-json\/wp\/v2\/tags?post=76079"}],"curies":[{"name":"wp","href":"https:\/\/api.w.org\/{rel}","templated":true}]}}