{"id":76077,"date":"2015-10-07T18:29:21","date_gmt":"2015-10-07T21:29:21","guid":{"rendered":"http:\/\/www.redenoticia.com.br\/noticia\/?p=76077"},"modified":"2015-10-07T18:29:21","modified_gmt":"2015-10-07T21:29:21","slug":"falta-de-dinheiro-faz-brasileiro-evitar-compras-mostra-pesquisa-da-fiesp","status":"publish","type":"post","link":"https:\/\/www.redenoticia.com.br\/noticia\/2015\/falta-de-dinheiro-faz-brasileiro-evitar-compras-mostra-pesquisa-da-fiesp\/76077","title":{"rendered":"Falta de dinheiro faz brasileiro evitar compras, mostra pesquisa da Fiesp"},"content":{"rendered":"<p>Os <strong><em>brasileiros est\u00e3o pouco estimulados a comprar<\/em><\/strong>, por causa da falta de dinheiro e dos pre\u00e7os altos, revela a pesquisa Pulso Brasil, da Federa\u00e7\u00e3o das Ind\u00fastrias do Estado de S\u00e3o Paulo (Fiesp) e do Centro das Ind\u00fastrias do Estado de S\u00e3o Paulo (Ciesp).<\/p>\n<p>Os consumidores optam pela compra de produtos mais baratos, como artigos de telefonia e eletroport\u00e1teis e compram menos eletroeletr\u00f4nicos, como televisores e home theaters. Na percep\u00e7\u00e3o de 43% das pessoas, as condi\u00e7\u00f5es financeiras est\u00e3o piores, ou muito piores, agora. Em 2014, esse percentual era 12%.<\/p>\n<p>No primeiro semestre deste ano, 70% dos entrevistados disseram n\u00e3o ter adquirido itens como geladeira, freezer, m\u00e1quina de lavar roupa, telefones, m\u00f3veis, eletroeletr\u00f4nicos, eletroport\u00e1teis, computadores, impressoras, notebooks, tablets, autom\u00f3veis, c\u00e2meras fotogr\u00e1ficas digitais, videogames ou filmadoras.<\/p>\n<p>Para 32%, a falta de dinheiro foi o principal motivo para n\u00e3o comprar tais produtos e, para 28%, foram os pre\u00e7os muito altos. Apenas 16% afirmaram ter conseguido adquirir tudo o que queriam.<\/p>\n<p>A pesquisa indica tamb\u00e9m que 77% n\u00e3o pretendem comprar nenhum desses itens em breve. Entre os que desejam fazer alguma compra, 8% pensam em produtos da linha branca; 6%, em artigos da linha marrom; 5%, em m\u00f3veis; 4%, em celulares;\u00a03%, itens de inform\u00e1tica; 2%,em autom\u00f3veis; 1%, em eletroport\u00e1teis; e 1%, em eletr\u00f4nicos.<\/p>\n<p>Fernanda Cruz &#8211; Rep\u00f3rter da Ag\u00eancia Brasil<br \/>\nEdi\u00e7\u00e3o: N\u00e1dia Franco<br \/>\n&#8212;<br \/>\nA Empresa Brasil de Comunica\u00e7\u00e3o \u00e9 uma institui\u00e7\u00e3o da democracia brasileira: p\u00fablica, inclusiva e cidad\u00e3. Criada em 2007 para fortalecer o sistema p\u00fablico de comunica\u00e7\u00e3o, \u00e9 gestora dos canais TV Brasil, TV Brasil Internacional, Ag\u00eancia Brasil, Radioag\u00eancia Nacional e do sistema p\u00fablico de R\u00e1dio \u2013 composto por oito emissoras. Estes, por sua independ\u00eancia editorial, distinguem-se dos canais estatais ou governamentais, com conte\u00fados diferenciados e complementares aos canais privados. Os ve\u00edculos da EBC t\u00eam autonomia para definir produ\u00e7\u00e3o, programa\u00e7\u00e3o e distribui\u00e7\u00e3o de conte\u00fados.<\/p>\n","protected":false},"excerpt":{"rendered":"<p>Os brasileiros est\u00e3o pouco estimulados a comprar, por causa da falta de dinheiro e dos pre\u00e7os altos, revela a pesquisa Pulso Brasil, da Federa\u00e7\u00e3o das Ind\u00fastrias do Estado de S\u00e3o Paulo (Fiesp) e do Centro das Ind\u00fastrias do Estado de S\u00e3o Paulo (Ciesp). Os consumidores optam pela compra de produtos mais baratos, como artigos de [&hellip;]<\/p>\n","protected":false},"author":2,"featured_media":34966,"comment_status":"open","ping_status":"closed","sticky":false,"template":"","format":"standard","meta":{"_genesis_hide_title":false,"_genesis_hide_breadcrumbs":false,"_genesis_hide_singular_image":false,"_genesis_hide_footer_widgets":false,"_genesis_custom_body_class":"","_genesis_custom_post_class":"","_genesis_layout":"","_jetpack_memberships_contains_paid_content":false,"footnotes":""},"categories":[22,7],"tags":[],"class_list":{"0":"post-76077","1":"post","2":"type-post","3":"status-publish","4":"format-standard","5":"has-post-thumbnail","7":"category-brasil","8":"category-economia","9":"entry","10":"gs-1","11":"gs-odd","12":"gs-even","13":"gs-featured-content-entry"},"jetpack_featured_media_url":"https:\/\/www.redenoticia.com.br\/noticia\/imagens\/fim-da-sacola-plastica.jpg","jetpack_sharing_enabled":true,"jetpack_likes_enabled":true,"_links":{"self":[{"href":"https:\/\/www.redenoticia.com.br\/noticia\/wp-json\/wp\/v2\/posts\/76077","targetHints":{"allow":["GET"]}}],"collection":[{"href":"https:\/\/www.redenoticia.com.br\/noticia\/wp-json\/wp\/v2\/posts"}],"about":[{"href":"https:\/\/www.redenoticia.com.br\/noticia\/wp-json\/wp\/v2\/types\/post"}],"author":[{"embeddable":true,"href":"https:\/\/www.redenoticia.com.br\/noticia\/wp-json\/wp\/v2\/users\/2"}],"replies":[{"embeddable":true,"href":"https:\/\/www.redenoticia.com.br\/noticia\/wp-json\/wp\/v2\/comments?post=76077"}],"version-history":[{"count":0,"href":"https:\/\/www.redenoticia.com.br\/noticia\/wp-json\/wp\/v2\/posts\/76077\/revisions"}],"wp:featuredmedia":[{"embeddable":true,"href":"https:\/\/www.redenoticia.com.br\/noticia\/wp-json\/wp\/v2\/media\/34966"}],"wp:attachment":[{"href":"https:\/\/www.redenoticia.com.br\/noticia\/wp-json\/wp\/v2\/media?parent=76077"}],"wp:term":[{"taxonomy":"category","embeddable":true,"href":"https:\/\/www.redenoticia.com.br\/noticia\/wp-json\/wp\/v2\/categories?post=76077"},{"taxonomy":"post_tag","embeddable":true,"href":"https:\/\/www.redenoticia.com.br\/noticia\/wp-json\/wp\/v2\/tags?post=76077"}],"curies":[{"name":"wp","href":"https:\/\/api.w.org\/{rel}","templated":true}]}}