{"id":76075,"date":"2015-10-07T18:28:10","date_gmt":"2015-10-07T21:28:10","guid":{"rendered":"http:\/\/www.redenoticia.com.br\/noticia\/?p=76075"},"modified":"2015-10-07T18:28:10","modified_gmt":"2015-10-07T21:28:10","slug":"saidas-de-dolares-em-setembro-superam-entradas-em-us-111-milhoes","status":"publish","type":"post","link":"https:\/\/www.redenoticia.com.br\/noticia\/2015\/saidas-de-dolares-em-setembro-superam-entradas-em-us-111-milhoes\/76075","title":{"rendered":"Sa\u00eddas de d\u00f3lares em setembro superam entradas em US$ 111 milh\u00f5es"},"content":{"rendered":"<p>As <strong><em>sa\u00eddas de d\u00f3lares<\/em><\/strong> superaram as entrada em setembro, de acordo com dados divulgados pelo Banco Central (BC). O saldo negativo ficou em US$ 111 milh\u00f5es. Nos dois primeiros dias de outubro, o saldo em US$ 2,355 bilh\u00f5es. De janeiro a 2 de outubro, o fluxo cambial ficou positivo em US$ 8,810 bilh\u00f5es.<\/p>\n<p>No m\u00eas passado, o fluxo financeiro (investimentos em t\u00edtulos, remessas de lucros e dividendos ao exterior e investimento direto no pa\u00eds, entre outras opera\u00e7\u00f5es) gerou um saldo negativo no fluxo cambial, com d\u00e9ficit de US$ 1,277 bilh\u00e3o. J\u00e1 o fluxo comercial (opera\u00e7\u00f5es de c\u00e2mbio relacionadas a exporta\u00e7\u00f5es e importa\u00e7\u00f5es) registrou saldo positivo de US$ 1,167 bilh\u00e3o.<\/p>\n<p>De janeiro a 2 de outubro, o fluxo financeiro ficou negativo em US$ 8,271 bilh\u00f5es e o comercial, positivo em US$ 17,081 bilh\u00f5es.<\/p>\n<p>Kelly Oliveira \u2013 Rep\u00f3rter da Ag\u00eancia Brasil<br \/>\nEdi\u00e7\u00e3o: Armando Cardoso<br \/>\n&#8212;<br \/>\nA Empresa Brasil de Comunica\u00e7\u00e3o \u00e9 uma institui\u00e7\u00e3o da democracia brasileira: p\u00fablica, inclusiva e cidad\u00e3. Criada em 2007 para fortalecer o sistema p\u00fablico de comunica\u00e7\u00e3o, \u00e9 gestora dos canais TV Brasil, TV Brasil Internacional, Ag\u00eancia Brasil, Radioag\u00eancia Nacional e do sistema p\u00fablico de R\u00e1dio \u2013 composto por oito emissoras. Estes, por sua independ\u00eancia editorial, distinguem-se dos canais estatais ou governamentais, com conte\u00fados diferenciados e complementares aos canais privados. Os ve\u00edculos da EBC t\u00eam autonomia para definir produ\u00e7\u00e3o, programa\u00e7\u00e3o e distribui\u00e7\u00e3o de conte\u00fados.<\/p>\n","protected":false},"excerpt":{"rendered":"<p>As sa\u00eddas de d\u00f3lares superaram as entrada em setembro, de acordo com dados divulgados pelo Banco Central (BC). O saldo negativo ficou em US$ 111 milh\u00f5es. Nos dois primeiros dias de outubro, o saldo em US$ 2,355 bilh\u00f5es. De janeiro a 2 de outubro, o fluxo cambial ficou positivo em US$ 8,810 bilh\u00f5es. No m\u00eas [&hellip;]<\/p>\n","protected":false},"author":2,"featured_media":40734,"comment_status":"open","ping_status":"closed","sticky":false,"template":"","format":"standard","meta":{"_genesis_hide_title":false,"_genesis_hide_breadcrumbs":false,"_genesis_hide_singular_image":false,"_genesis_hide_footer_widgets":false,"_genesis_custom_body_class":"","_genesis_custom_post_class":"","_genesis_layout":"","_jetpack_memberships_contains_paid_content":false,"footnotes":""},"categories":[22,7],"tags":[],"class_list":{"0":"post-76075","1":"post","2":"type-post","3":"status-publish","4":"format-standard","5":"has-post-thumbnail","7":"category-brasil","8":"category-economia","9":"entry","10":"gs-1","11":"gs-odd","12":"gs-even","13":"gs-featured-content-entry"},"jetpack_featured_media_url":"https:\/\/www.redenoticia.com.br\/noticia\/imagens\/economia-resultados.jpg","jetpack_sharing_enabled":true,"jetpack_likes_enabled":true,"_links":{"self":[{"href":"https:\/\/www.redenoticia.com.br\/noticia\/wp-json\/wp\/v2\/posts\/76075","targetHints":{"allow":["GET"]}}],"collection":[{"href":"https:\/\/www.redenoticia.com.br\/noticia\/wp-json\/wp\/v2\/posts"}],"about":[{"href":"https:\/\/www.redenoticia.com.br\/noticia\/wp-json\/wp\/v2\/types\/post"}],"author":[{"embeddable":true,"href":"https:\/\/www.redenoticia.com.br\/noticia\/wp-json\/wp\/v2\/users\/2"}],"replies":[{"embeddable":true,"href":"https:\/\/www.redenoticia.com.br\/noticia\/wp-json\/wp\/v2\/comments?post=76075"}],"version-history":[{"count":0,"href":"https:\/\/www.redenoticia.com.br\/noticia\/wp-json\/wp\/v2\/posts\/76075\/revisions"}],"wp:featuredmedia":[{"embeddable":true,"href":"https:\/\/www.redenoticia.com.br\/noticia\/wp-json\/wp\/v2\/media\/40734"}],"wp:attachment":[{"href":"https:\/\/www.redenoticia.com.br\/noticia\/wp-json\/wp\/v2\/media?parent=76075"}],"wp:term":[{"taxonomy":"category","embeddable":true,"href":"https:\/\/www.redenoticia.com.br\/noticia\/wp-json\/wp\/v2\/categories?post=76075"},{"taxonomy":"post_tag","embeddable":true,"href":"https:\/\/www.redenoticia.com.br\/noticia\/wp-json\/wp\/v2\/tags?post=76075"}],"curies":[{"name":"wp","href":"https:\/\/api.w.org\/{rel}","templated":true}]}}