{"id":76072,"date":"2015-10-07T18:26:15","date_gmt":"2015-10-07T21:26:15","guid":{"rendered":"http:\/\/www.redenoticia.com.br\/noticia\/?p=76072"},"modified":"2015-10-07T18:26:40","modified_gmt":"2015-10-07T21:26:40","slug":"producao-industrial-cai-em-dez-dos-14-locais-pesquisados-diz-ibge","status":"publish","type":"post","link":"https:\/\/www.redenoticia.com.br\/noticia\/2015\/producao-industrial-cai-em-dez-dos-14-locais-pesquisados-diz-ibge\/76072","title":{"rendered":"Produ\u00e7\u00e3o industrial cai em dez dos 14 locais pesquisados, diz IBGE"},"content":{"rendered":"<p>Em agosto de 2015, dez dos 14 locais pesquisados registraram <strong><em>queda na produ\u00e7\u00e3o industrial<\/em><\/strong>, em compara\u00e7\u00e3o a julho, informou o Instituto Brasileiro de Geografia e Estat\u00edstica (IBGE). Os recuos mais intensos foram registrados no Par\u00e1 (-4%), Goi\u00e1s (-3,2%) e Rio Grande do Sul (-2,8%), acima da m\u00e9dia nacional. Em agosto, a produ\u00e7\u00e3o industrial nacional recuou, em m\u00e9dia, 1,2% em rela\u00e7\u00e3o ao m\u00eas imediatamente anterior, segundo pesquisa do IBGE.<\/p>\n<p>Amazonas (-2,2%), Pernambuco (-2,2%), Esp\u00edrito Santo (-1,9%), S\u00e3o Paulo (-1,7%) e Paran\u00e1 (-1,3%) tamb\u00e9m apontaram recuos mais intensos do que a m\u00e9dia nacional, enquanto Bahia (-1%) e regi\u00e3o Nordeste (-0,6%) completaram o conjunto de locais com \u00edndices negativos em agosto de 2015.<\/p>\n<p>Em contraste, Cear\u00e1 &#8211; com expans\u00e3o industrial de 3,5% &#8211; mostrou o avan\u00e7o mais elevado, recuperando parte do recuo de 4,5% observado no m\u00eas anterior. Os demais resultados positivos foram registrados por Santa Catarina (1,1%), Minas Gerais (0,9%) e Rio de Janeiro (0,2%).<\/p>\n<p>Nielmar de Oliveira &#8211; Rep\u00f3rter da Ag\u00eancia Brasil<br \/>\nEdi\u00e7\u00e3o: Jos\u00e9 Romildo<br \/>\n&#8212;<br \/>\nA Empresa Brasil de Comunica\u00e7\u00e3o \u00e9 uma institui\u00e7\u00e3o da democracia brasileira: p\u00fablica, inclusiva e cidad\u00e3. Criada em 2007 para fortalecer o sistema p\u00fablico de comunica\u00e7\u00e3o, \u00e9 gestora dos canais TV Brasil, TV Brasil Internacional, Ag\u00eancia Brasil, Radioag\u00eancia Nacional e do sistema p\u00fablico de R\u00e1dio \u2013 composto por oito emissoras. Estes, por sua independ\u00eancia editorial, distinguem-se dos canais estatais ou governamentais, com conte\u00fados diferenciados e complementares aos canais privados. Os ve\u00edculos da EBC t\u00eam autonomia para definir produ\u00e7\u00e3o, programa\u00e7\u00e3o e distribui\u00e7\u00e3o de conte\u00fados.<\/p>\n","protected":false},"excerpt":{"rendered":"<p>Em agosto de 2015, dez dos 14 locais pesquisados registraram queda na produ\u00e7\u00e3o industrial, em compara\u00e7\u00e3o a julho, informou o Instituto Brasileiro de Geografia e Estat\u00edstica (IBGE). Os recuos mais intensos foram registrados no Par\u00e1 (-4%), Goi\u00e1s (-3,2%) e Rio Grande do Sul (-2,8%), acima da m\u00e9dia nacional. Em agosto, a produ\u00e7\u00e3o industrial nacional recuou, [&hellip;]<\/p>\n","protected":false},"author":2,"featured_media":57583,"comment_status":"open","ping_status":"closed","sticky":false,"template":"","format":"standard","meta":{"_genesis_hide_title":false,"_genesis_hide_breadcrumbs":false,"_genesis_hide_singular_image":false,"_genesis_hide_footer_widgets":false,"_genesis_custom_body_class":"","_genesis_custom_post_class":"","_genesis_layout":"","_jetpack_memberships_contains_paid_content":false,"footnotes":""},"categories":[22,7],"tags":[],"class_list":{"0":"post-76072","1":"post","2":"type-post","3":"status-publish","4":"format-standard","5":"has-post-thumbnail","7":"category-brasil","8":"category-economia","9":"entry","10":"gs-1","11":"gs-odd","12":"gs-even","13":"gs-featured-content-entry"},"jetpack_featured_media_url":"https:\/\/www.redenoticia.com.br\/noticia\/imagens\/economia-grafico.jpg","jetpack_sharing_enabled":true,"jetpack_likes_enabled":true,"_links":{"self":[{"href":"https:\/\/www.redenoticia.com.br\/noticia\/wp-json\/wp\/v2\/posts\/76072","targetHints":{"allow":["GET"]}}],"collection":[{"href":"https:\/\/www.redenoticia.com.br\/noticia\/wp-json\/wp\/v2\/posts"}],"about":[{"href":"https:\/\/www.redenoticia.com.br\/noticia\/wp-json\/wp\/v2\/types\/post"}],"author":[{"embeddable":true,"href":"https:\/\/www.redenoticia.com.br\/noticia\/wp-json\/wp\/v2\/users\/2"}],"replies":[{"embeddable":true,"href":"https:\/\/www.redenoticia.com.br\/noticia\/wp-json\/wp\/v2\/comments?post=76072"}],"version-history":[{"count":0,"href":"https:\/\/www.redenoticia.com.br\/noticia\/wp-json\/wp\/v2\/posts\/76072\/revisions"}],"wp:featuredmedia":[{"embeddable":true,"href":"https:\/\/www.redenoticia.com.br\/noticia\/wp-json\/wp\/v2\/media\/57583"}],"wp:attachment":[{"href":"https:\/\/www.redenoticia.com.br\/noticia\/wp-json\/wp\/v2\/media?parent=76072"}],"wp:term":[{"taxonomy":"category","embeddable":true,"href":"https:\/\/www.redenoticia.com.br\/noticia\/wp-json\/wp\/v2\/categories?post=76072"},{"taxonomy":"post_tag","embeddable":true,"href":"https:\/\/www.redenoticia.com.br\/noticia\/wp-json\/wp\/v2\/tags?post=76072"}],"curies":[{"name":"wp","href":"https:\/\/api.w.org\/{rel}","templated":true}]}}