{"id":76070,"date":"2015-10-07T18:07:14","date_gmt":"2015-10-07T21:07:14","guid":{"rendered":"http:\/\/www.redenoticia.com.br\/noticia\/?p=76070"},"modified":"2015-10-07T18:07:14","modified_gmt":"2015-10-07T21:07:14","slug":"greve-dos-bancos-procon-sp-da-dicas-para-que-clientes-nao-tenham-prejuizo","status":"publish","type":"post","link":"https:\/\/www.redenoticia.com.br\/noticia\/2015\/greve-dos-bancos-procon-sp-da-dicas-para-que-clientes-nao-tenham-prejuizo\/76070","title":{"rendered":"Greve dos bancos: Procon-SP d\u00e1 dicas para que clientes n\u00e3o tenham preju\u00edzo"},"content":{"rendered":"<p> Diante da <strong><em>paralisa\u00e7\u00e3o dos funcion\u00e1rios dos bancos<\/em><\/strong>, que se iniciou nesta ter\u00e7a-feira (6), a Funda\u00e7\u00e3o Procon-SP, \u00f3rg\u00e3o vinculado \u00e0 Secretaria da Justi\u00e7a e da Defesa da Cidadania, d\u00e1 dicas ao consumidor sobre o que fazer durante a greve. Confira:<\/p>\n<p>&#8211; embora a greve n\u00e3o afaste a obriga\u00e7\u00e3o do consumidor de pagar faturas, boletos banc\u00e1rios ou qualquer outra cobran\u00e7a, a obriga\u00e7\u00e3o da empresa credora \u00e9 oferecer outras formas e locais para que os pagamentos sejam efetuados;<\/p>\n<p>&#8211; algumas redes de supermercados t\u00eam caixas espec\u00edficos para o pagamento de faturas de \u00e1gua, luz, g\u00e1s e telefone;<\/p>\n<p>&#8211; para n\u00e3o ser cobrado de eventuais encargos e, ainda, para que seu nome n\u00e3o seja enviado aos servi\u00e7os de prote\u00e7\u00e3o ao cr\u00e9dito, a recomenda\u00e7\u00e3o do Procon-SP \u00e9 que o consumidor fique atento aos prazos de vencimento das contas e entre em contato com a empresa para solicitar op\u00e7\u00f5es de formas e locais para pagamento, como internet, sede da empresa, casas lot\u00e9ricas, c\u00f3digo de barras para pagamento nos caixas eletr\u00f4nicos, dentre outros;<\/p>\n<p>&#8211; o consumidor deve documentar esse pedido (enviar e-mail ou anotar o n\u00famero de protocolo de atendimento, por exemplo), para que, caso o fornecedor n\u00e3o disponibilize op\u00e7\u00f5es para quitar o d\u00e9bito, possa reclamar junto a um \u00f3rg\u00e3o de defesa do consumidor;<\/p>\n<p>&#8211; para sua seguran\u00e7a, n\u00e3o aceite ajuda de estranhos ao utilizar os caixas eletr\u00f4nicos.<\/p>\n<p>Do Portal do Governo do Estado SP<\/p>\n","protected":false},"excerpt":{"rendered":"<p>Diante da paralisa\u00e7\u00e3o dos funcion\u00e1rios dos bancos, que se iniciou nesta ter\u00e7a-feira (6), a Funda\u00e7\u00e3o Procon-SP, \u00f3rg\u00e3o vinculado \u00e0 Secretaria da Justi\u00e7a e da Defesa da Cidadania, d\u00e1 dicas ao consumidor sobre o que fazer durante a greve. Confira: &#8211; embora a greve n\u00e3o afaste a obriga\u00e7\u00e3o do consumidor de pagar faturas, boletos banc\u00e1rios ou [&hellip;]<\/p>\n","protected":false},"author":2,"featured_media":40517,"comment_status":"open","ping_status":"closed","sticky":false,"template":"","format":"standard","meta":{"_genesis_hide_title":false,"_genesis_hide_breadcrumbs":false,"_genesis_hide_singular_image":false,"_genesis_hide_footer_widgets":false,"_genesis_custom_body_class":"","_genesis_custom_post_class":"","_genesis_layout":"","_jetpack_memberships_contains_paid_content":false,"footnotes":""},"categories":[22],"tags":[],"class_list":{"0":"post-76070","1":"post","2":"type-post","3":"status-publish","4":"format-standard","5":"has-post-thumbnail","7":"category-brasil","8":"entry","9":"gs-1","10":"gs-odd","11":"gs-even","12":"gs-featured-content-entry"},"jetpack_featured_media_url":"https:\/\/www.redenoticia.com.br\/noticia\/imagens\/economia-previsao.jpg","jetpack_sharing_enabled":true,"jetpack_likes_enabled":true,"_links":{"self":[{"href":"https:\/\/www.redenoticia.com.br\/noticia\/wp-json\/wp\/v2\/posts\/76070","targetHints":{"allow":["GET"]}}],"collection":[{"href":"https:\/\/www.redenoticia.com.br\/noticia\/wp-json\/wp\/v2\/posts"}],"about":[{"href":"https:\/\/www.redenoticia.com.br\/noticia\/wp-json\/wp\/v2\/types\/post"}],"author":[{"embeddable":true,"href":"https:\/\/www.redenoticia.com.br\/noticia\/wp-json\/wp\/v2\/users\/2"}],"replies":[{"embeddable":true,"href":"https:\/\/www.redenoticia.com.br\/noticia\/wp-json\/wp\/v2\/comments?post=76070"}],"version-history":[{"count":0,"href":"https:\/\/www.redenoticia.com.br\/noticia\/wp-json\/wp\/v2\/posts\/76070\/revisions"}],"wp:featuredmedia":[{"embeddable":true,"href":"https:\/\/www.redenoticia.com.br\/noticia\/wp-json\/wp\/v2\/media\/40517"}],"wp:attachment":[{"href":"https:\/\/www.redenoticia.com.br\/noticia\/wp-json\/wp\/v2\/media?parent=76070"}],"wp:term":[{"taxonomy":"category","embeddable":true,"href":"https:\/\/www.redenoticia.com.br\/noticia\/wp-json\/wp\/v2\/categories?post=76070"},{"taxonomy":"post_tag","embeddable":true,"href":"https:\/\/www.redenoticia.com.br\/noticia\/wp-json\/wp\/v2\/tags?post=76070"}],"curies":[{"name":"wp","href":"https:\/\/api.w.org\/{rel}","templated":true}]}}