{"id":76068,"date":"2015-10-07T18:05:49","date_gmt":"2015-10-07T21:05:49","guid":{"rendered":"http:\/\/www.redenoticia.com.br\/noticia\/?p=76068"},"modified":"2015-10-07T18:05:49","modified_gmt":"2015-10-07T21:05:49","slug":"reducao-de-furtos-e-roubos-de-veiculos-em-sp","status":"publish","type":"post","link":"https:\/\/www.redenoticia.com.br\/noticia\/2015\/reducao-de-furtos-e-roubos-de-veiculos-em-sp\/76068","title":{"rendered":"Redu\u00e7\u00e3o de furtos e roubos de ve\u00edculos em SP"},"content":{"rendered":"<p>A <strong><em>Lei do Desmanche<\/em><\/strong>, em vigor h\u00e1 mais de uma ano, j\u00e1 resultou em uma significativa redu\u00e7\u00e3o de furtos e roubos de ve\u00edculos e no fechamento de centenas de estabelecimentos irregulares, conforme n\u00fameros apresentados pelo governador Geraldo Alckmin, .<\/p>\n<p>Em todo Estado de S\u00e3o Paulo, no comparativo com agosto de 2014 e agosto de 2015, o furto de ve\u00edculos caiu 12,28% em um ano, passando de 10.437 para 9.155 registros. A queda de roubo de ve\u00edculos no mesmo comparativo foi ainda maior,\u00a023,85%, ou seja, de 7.484 para 5.699 casos. No total (furto+roubo de ve\u00edculos) a varia\u00e7\u00e3o foi de\u00a0-17,11% em agosto de 2015 quando comparados com agosto de 2014.<\/p>\n<p>Os n\u00fameros da capital tamb\u00e9m s\u00e3o expressivos. Tamb\u00e9m no comparativo com agosto de 2014 e agosto de 2015, o furto de ve\u00edculos caiu 12,49%, passando de 4.308 para 3.770. A queda de roubo de ve\u00edculos foi de\u00a025,58%, de\u00a03.722 para 2.770. Totalizando queda de\u00a0-18,56 no comparativo de agosto de 2014 com agosto de 2015.<\/p>\n<p>Segundo dados da Secretaria da Seguran\u00e7a P\u00fablica, o \u00edndice de roubo de ve\u00edculos caiu 35,36% em todo o Estado no primeiro semestre deste ano em rela\u00e7\u00e3o aos seis primeiros meses de 2014. No mesmo per\u00edodo, os registros de furtos de ve\u00edculos tiveram queda de 12,79%.<\/p>\n<p>Mais sobre a Lei<br \/>\nSancionada pelo governador Geraldo Alckmin em 2 de janeiro de 2014 e em vigor desde 1\u00ba de julho do ano passado, a lei estadual n\u00b0 15.276? \u00e9 pioneira no controle da atua\u00e7\u00e3o dos desmontes e serviu de refer\u00eancia para a lei federal n\u00ba 12.977\/2015, que entrou em vigor em 20 de maio deste ano.<\/p>\n<p>A lei prev\u00ea o credenciamento e registro, junto ao Detran.SP, dos estabelecimentos que atuam com desmanche, revenda ou reciclagem de autope\u00e7as usadas. Entre outras exig\u00eancias, o estabelecimento precisa ter &#8220;ficha limpa&#8221;, ou seja, n\u00e3o ter d\u00edvida ativa junto ao Estado nem s\u00f3cios com antecedentes criminais, alvar\u00e1 de funcionamento expedido pela respectiva prefeitura, controle de entrada e sa\u00edda das pe\u00e7as e cuidados com o meio ambiente (como a correta retirada de fluidos e gases dos ve\u00edculos, por exemplo).<\/p>\n<p>Al\u00e9m disso, a legisla\u00e7\u00e3o determina que somente empresas credenciadas podem participar de leil\u00f5es para adquirir ve\u00edculos destinados a desmonte ou reciclagem de pe\u00e7as.<\/p>\n<p>Do Portal do Governo do Estado SP<\/p>\n","protected":false},"excerpt":{"rendered":"<p>A Lei do Desmanche, em vigor h\u00e1 mais de uma ano, j\u00e1 resultou em uma significativa redu\u00e7\u00e3o de furtos e roubos de ve\u00edculos e no fechamento de centenas de estabelecimentos irregulares, conforme n\u00fameros apresentados pelo governador Geraldo Alckmin, . Em todo Estado de S\u00e3o Paulo, no comparativo com agosto de 2014 e agosto de 2015, [&hellip;]<\/p>\n","protected":false},"author":2,"featured_media":57585,"comment_status":"open","ping_status":"closed","sticky":false,"template":"","format":"standard","meta":{"_genesis_hide_title":false,"_genesis_hide_breadcrumbs":false,"_genesis_hide_singular_image":false,"_genesis_hide_footer_widgets":false,"_genesis_custom_body_class":"","_genesis_custom_post_class":"","_genesis_layout":"","_jetpack_memberships_contains_paid_content":false,"footnotes":""},"categories":[22],"tags":[],"class_list":{"0":"post-76068","1":"post","2":"type-post","3":"status-publish","4":"format-standard","5":"has-post-thumbnail","7":"category-brasil","8":"entry","9":"gs-1","10":"gs-odd","11":"gs-even","12":"gs-featured-content-entry"},"jetpack_featured_media_url":"https:\/\/www.redenoticia.com.br\/noticia\/imagens\/analise-economia.jpg","jetpack_sharing_enabled":true,"jetpack_likes_enabled":true,"_links":{"self":[{"href":"https:\/\/www.redenoticia.com.br\/noticia\/wp-json\/wp\/v2\/posts\/76068","targetHints":{"allow":["GET"]}}],"collection":[{"href":"https:\/\/www.redenoticia.com.br\/noticia\/wp-json\/wp\/v2\/posts"}],"about":[{"href":"https:\/\/www.redenoticia.com.br\/noticia\/wp-json\/wp\/v2\/types\/post"}],"author":[{"embeddable":true,"href":"https:\/\/www.redenoticia.com.br\/noticia\/wp-json\/wp\/v2\/users\/2"}],"replies":[{"embeddable":true,"href":"https:\/\/www.redenoticia.com.br\/noticia\/wp-json\/wp\/v2\/comments?post=76068"}],"version-history":[{"count":0,"href":"https:\/\/www.redenoticia.com.br\/noticia\/wp-json\/wp\/v2\/posts\/76068\/revisions"}],"wp:featuredmedia":[{"embeddable":true,"href":"https:\/\/www.redenoticia.com.br\/noticia\/wp-json\/wp\/v2\/media\/57585"}],"wp:attachment":[{"href":"https:\/\/www.redenoticia.com.br\/noticia\/wp-json\/wp\/v2\/media?parent=76068"}],"wp:term":[{"taxonomy":"category","embeddable":true,"href":"https:\/\/www.redenoticia.com.br\/noticia\/wp-json\/wp\/v2\/categories?post=76068"},{"taxonomy":"post_tag","embeddable":true,"href":"https:\/\/www.redenoticia.com.br\/noticia\/wp-json\/wp\/v2\/tags?post=76068"}],"curies":[{"name":"wp","href":"https:\/\/api.w.org\/{rel}","templated":true}]}}