{"id":76043,"date":"2015-10-06T19:41:38","date_gmt":"2015-10-06T22:41:38","guid":{"rendered":"http:\/\/www.redenoticia.com.br\/noticia\/?p=76043"},"modified":"2015-10-06T19:41:38","modified_gmt":"2015-10-06T22:41:38","slug":"producao-de-veiculos-cai-42-em-setembro-comparada-a-do-mesmo-mes-de-2014","status":"publish","type":"post","link":"https:\/\/www.redenoticia.com.br\/noticia\/2015\/producao-de-veiculos-cai-42-em-setembro-comparada-a-do-mesmo-mes-de-2014\/76043","title":{"rendered":"Produ\u00e7\u00e3o de ve\u00edculos cai 42% em setembro comparada \u00e0 do mesmo m\u00eas de 2014"},"content":{"rendered":"<p>A <strong><em>produ\u00e7\u00e3o de ve\u00edculos<\/em><\/strong> automotores no Brasil caiu 19,5% em setembro na compara\u00e7\u00e3o com agosto. Segundo o balan\u00e7o divulgado pela Associa\u00e7\u00e3o Nacional de Fabricantes de Ve\u00edculos Automotores (Anfavea), em setembro foram fabricadas 174,2 mil unidades, contra 216,6 mil em agosto. Em rela\u00e7\u00e3o ao mesmo m\u00eas de 2014, quando foram produzidos 300,8 mil ve\u00edculos, a queda verificada no m\u00eas passado chega a 42,1%.<\/p>\n<p>No acumulado do ano, o total de unidade fabricadas chega a 1,9 milh\u00e3o, n\u00famero inferior aos 2,38 milh\u00f5es produzidos de janeiro a setembro do ano passado.<\/p>\n<p>Nas vendas, houve queda de 3,5% em setembro na compara\u00e7\u00e3o com agosto. Foram licenciados 200,1 mil ve\u00edculos no m\u00eas passado, contra 207,3 mil em agosto.<\/p>\n<p>Em rela\u00e7\u00e3o a setembro de 2014, quando foram comercializadas 296,3 mil unidades, a queda chega a 32,5%. De janeiro a setembro 1,95 milh\u00e3o de ve\u00edculos foram vendidos, 22,7% a menos do que os 2,52 milh\u00f5es comercializados no mesmo per\u00edodo de 2014.<\/p>\n<p>Os n\u00edveis de emprego ficaram praticamente est\u00e1veis em setembro em rela\u00e7\u00e3o a agosto. Houve queda de 0,6%. No m\u00eas passado, estavam empregadas na ind\u00fastria automotiva 133,6 mil pessoas, contra 134,3 mil no m\u00eas anterior. Em rela\u00e7\u00e3o a setembro de 2014, quando as f\u00e1bricas empregavam 147,7 mil funcion\u00e1rios, o fechamento de postos de trabalho corresponde a 9,6%.<\/p>\n<p>Daniel Mello &#8211; Rep\u00f3rter da Ag\u00eancia Brasil<br \/>\nEdi\u00e7\u00e3o: Juliana Andrade<\/p>\n","protected":false},"excerpt":{"rendered":"<p>A produ\u00e7\u00e3o de ve\u00edculos automotores no Brasil caiu 19,5% em setembro na compara\u00e7\u00e3o com agosto. Segundo o balan\u00e7o divulgado pela Associa\u00e7\u00e3o Nacional de Fabricantes de Ve\u00edculos Automotores (Anfavea), em setembro foram fabricadas 174,2 mil unidades, contra 216,6 mil em agosto. Em rela\u00e7\u00e3o ao mesmo m\u00eas de 2014, quando foram produzidos 300,8 mil ve\u00edculos, a queda [&hellip;]<\/p>\n","protected":false},"author":2,"featured_media":35207,"comment_status":"open","ping_status":"closed","sticky":false,"template":"","format":"standard","meta":{"_genesis_hide_title":false,"_genesis_hide_breadcrumbs":false,"_genesis_hide_singular_image":false,"_genesis_hide_footer_widgets":false,"_genesis_custom_body_class":"","_genesis_custom_post_class":"","_genesis_layout":"","_jetpack_memberships_contains_paid_content":false,"footnotes":""},"categories":[22,7],"tags":[],"class_list":{"0":"post-76043","1":"post","2":"type-post","3":"status-publish","4":"format-standard","5":"has-post-thumbnail","7":"category-brasil","8":"category-economia","9":"entry","10":"gs-1","11":"gs-odd","12":"gs-even","13":"gs-featured-content-entry"},"jetpack_featured_media_url":"https:\/\/www.redenoticia.com.br\/noticia\/imagens\/transito-estradas.jpg","jetpack_sharing_enabled":true,"jetpack_likes_enabled":true,"_links":{"self":[{"href":"https:\/\/www.redenoticia.com.br\/noticia\/wp-json\/wp\/v2\/posts\/76043","targetHints":{"allow":["GET"]}}],"collection":[{"href":"https:\/\/www.redenoticia.com.br\/noticia\/wp-json\/wp\/v2\/posts"}],"about":[{"href":"https:\/\/www.redenoticia.com.br\/noticia\/wp-json\/wp\/v2\/types\/post"}],"author":[{"embeddable":true,"href":"https:\/\/www.redenoticia.com.br\/noticia\/wp-json\/wp\/v2\/users\/2"}],"replies":[{"embeddable":true,"href":"https:\/\/www.redenoticia.com.br\/noticia\/wp-json\/wp\/v2\/comments?post=76043"}],"version-history":[{"count":0,"href":"https:\/\/www.redenoticia.com.br\/noticia\/wp-json\/wp\/v2\/posts\/76043\/revisions"}],"wp:featuredmedia":[{"embeddable":true,"href":"https:\/\/www.redenoticia.com.br\/noticia\/wp-json\/wp\/v2\/media\/35207"}],"wp:attachment":[{"href":"https:\/\/www.redenoticia.com.br\/noticia\/wp-json\/wp\/v2\/media?parent=76043"}],"wp:term":[{"taxonomy":"category","embeddable":true,"href":"https:\/\/www.redenoticia.com.br\/noticia\/wp-json\/wp\/v2\/categories?post=76043"},{"taxonomy":"post_tag","embeddable":true,"href":"https:\/\/www.redenoticia.com.br\/noticia\/wp-json\/wp\/v2\/tags?post=76043"}],"curies":[{"name":"wp","href":"https:\/\/api.w.org\/{rel}","templated":true}]}}