{"id":76041,"date":"2015-10-06T19:40:10","date_gmt":"2015-10-06T22:40:10","guid":{"rendered":"http:\/\/www.redenoticia.com.br\/noticia\/?p=76041"},"modified":"2015-10-06T19:40:10","modified_gmt":"2015-10-06T22:40:10","slug":"fmi-aumenta-de-15-para-3-projecao-de-queda-da-economia-brasileira-este-ano","status":"publish","type":"post","link":"https:\/\/www.redenoticia.com.br\/noticia\/2015\/fmi-aumenta-de-15-para-3-projecao-de-queda-da-economia-brasileira-este-ano\/76041","title":{"rendered":"FMI aumenta de 1,5% para 3% proje\u00e7\u00e3o de queda da economia brasileira este ano"},"content":{"rendered":"<p>O Fundo Monet\u00e1rio Internacional (FMI) revisou a <strong><em>proje\u00e7\u00e3o de queda da economia brasileira<\/em><\/strong>, este ano, de 1,5% para 3%. A informa\u00e7\u00e3o consta do estudo World Economic Outlook (Perspectiva Econ\u00f4mica Mundial). Para 2016, a expectativa de redu\u00e7\u00e3o do Produto Interno Bruto (PIB), soma de todos os bens e servi\u00e7os produzidos no pa\u00eds, passou de 1,7%, no relat\u00f3rio divulgado em julho, para 1%.<\/p>\n<p>O FMI destaca que no Brasil a confian\u00e7a dos empres\u00e1rios e consumidores continua a diminuir, principalmente devido \u00e0 deteriora\u00e7\u00e3o das condi\u00e7\u00f5es pol\u00edticas. O relat\u00f3rio cita que os investimentos est\u00e3o caindo rapidamente e que a necessidade de aperto na pol\u00edtica macroecon\u00f4mica reduz a demanda dom\u00e9stica.<\/p>\n<p>O governo brasileiro projeta queda de 2,44% do PIB, este ano, de acordo com o Relat\u00f3rio de Avalia\u00e7\u00e3o de Receitas e Despesas do quarto bimestre, divulgado no dia 22 de setembro, pelo Minist\u00e9rio do Planejamento, Or\u00e7amento e Gest\u00e3o. J\u00e1 a estimativa do Banco Central \u00e9 retra\u00e7\u00e3o de 2,7%.<\/p>\n<p>A proje\u00e7\u00e3o do FMI para o crescimento da economia mundial \u00e9 3,1%, 0,2 ponto percentual abaixo do previsto em julho. Segundo o relat\u00f3rio, o crescimento global diminuiu no primeiro semestre deste ano, refletindo o ritmo mais lento das economias emergentes e a fraca recupera\u00e7\u00e3o dos pa\u00edses avan\u00e7ados. Em 2016, a expectativa de crescimento econ\u00f4mico mundial \u00e9 3,6%.<\/p>\n<p>Sobre a infla\u00e7\u00e3o, o FMI projeta queda em pa\u00edses avan\u00e7ados, refletindo a redu\u00e7\u00e3o nos pre\u00e7os de petr\u00f3leo. Nos pa\u00edses avan\u00e7ados da Europa, por exemplo, a infla\u00e7\u00e3o deve ficar em 0,7%, este ano, contra 1,2%, registrado em 2014.<\/p>\n<p>Em pa\u00edses em desenvolvimento, a infla\u00e7\u00e3o deve subir, devido ao aumento acentuado previsto para a Venzuela (159,1%, em 2015) e Ucr\u00e2nia (50%). Exclu\u00eddos esses dois pa\u00edses, a infla\u00e7\u00e3o de pa\u00edses emergentes deve cair de 4,5%, em 2014, para 4,2%, neste ano.<\/p>\n<p>No Brasil, a proje\u00e7\u00e3o de infla\u00e7\u00e3o para este ano \u00e9 8,9%, com redu\u00e7\u00e3o para 6,3%, em 2016. O FMI prev\u00ea que, neste ano, a infla\u00e7\u00e3o vai superar o teto da meta (6,5%) devido ao ajuste de pre\u00e7os administrados e externos. O Fundo Monet\u00e1rio Internacional espera a converg\u00eancia da infla\u00e7\u00e3o para o centro da meta (4,5%) em um per\u00edodo de dois anos.<\/p>\n<p>Kelly Oliveira &#8211; Rep\u00f3rter da Ag\u00eancia Brasil<br \/>\nEdi\u00e7\u00e3o: Juliana Andrade<\/p>\n","protected":false},"excerpt":{"rendered":"<p>O Fundo Monet\u00e1rio Internacional (FMI) revisou a proje\u00e7\u00e3o de queda da economia brasileira, este ano, de 1,5% para 3%. A informa\u00e7\u00e3o consta do estudo World Economic Outlook (Perspectiva Econ\u00f4mica Mundial). Para 2016, a expectativa de redu\u00e7\u00e3o do Produto Interno Bruto (PIB), soma de todos os bens e servi\u00e7os produzidos no pa\u00eds, passou de 1,7%, no [&hellip;]<\/p>\n","protected":false},"author":2,"featured_media":57582,"comment_status":"open","ping_status":"closed","sticky":false,"template":"","format":"standard","meta":{"_genesis_hide_title":false,"_genesis_hide_breadcrumbs":false,"_genesis_hide_singular_image":false,"_genesis_hide_footer_widgets":false,"_genesis_custom_body_class":"","_genesis_custom_post_class":"","_genesis_layout":"","_jetpack_memberships_contains_paid_content":false,"footnotes":""},"categories":[22,7],"tags":[],"class_list":{"0":"post-76041","1":"post","2":"type-post","3":"status-publish","4":"format-standard","5":"has-post-thumbnail","7":"category-brasil","8":"category-economia","9":"entry","10":"gs-1","11":"gs-odd","12":"gs-even","13":"gs-featured-content-entry"},"jetpack_featured_media_url":"https:\/\/www.redenoticia.com.br\/noticia\/imagens\/grafico1.jpg","jetpack_sharing_enabled":true,"jetpack_likes_enabled":true,"_links":{"self":[{"href":"https:\/\/www.redenoticia.com.br\/noticia\/wp-json\/wp\/v2\/posts\/76041","targetHints":{"allow":["GET"]}}],"collection":[{"href":"https:\/\/www.redenoticia.com.br\/noticia\/wp-json\/wp\/v2\/posts"}],"about":[{"href":"https:\/\/www.redenoticia.com.br\/noticia\/wp-json\/wp\/v2\/types\/post"}],"author":[{"embeddable":true,"href":"https:\/\/www.redenoticia.com.br\/noticia\/wp-json\/wp\/v2\/users\/2"}],"replies":[{"embeddable":true,"href":"https:\/\/www.redenoticia.com.br\/noticia\/wp-json\/wp\/v2\/comments?post=76041"}],"version-history":[{"count":0,"href":"https:\/\/www.redenoticia.com.br\/noticia\/wp-json\/wp\/v2\/posts\/76041\/revisions"}],"wp:featuredmedia":[{"embeddable":true,"href":"https:\/\/www.redenoticia.com.br\/noticia\/wp-json\/wp\/v2\/media\/57582"}],"wp:attachment":[{"href":"https:\/\/www.redenoticia.com.br\/noticia\/wp-json\/wp\/v2\/media?parent=76041"}],"wp:term":[{"taxonomy":"category","embeddable":true,"href":"https:\/\/www.redenoticia.com.br\/noticia\/wp-json\/wp\/v2\/categories?post=76041"},{"taxonomy":"post_tag","embeddable":true,"href":"https:\/\/www.redenoticia.com.br\/noticia\/wp-json\/wp\/v2\/tags?post=76041"}],"curies":[{"name":"wp","href":"https:\/\/api.w.org\/{rel}","templated":true}]}}