{"id":76039,"date":"2015-10-06T19:38:55","date_gmt":"2015-10-06T22:38:55","guid":{"rendered":"http:\/\/www.redenoticia.com.br\/noticia\/?p=76039"},"modified":"2015-10-06T19:38:55","modified_gmt":"2015-10-06T22:38:55","slug":"indicador-que-mede-tendencia-de-oferta-de-emprego-cai-34-em-setembro-diz-fgv","status":"publish","type":"post","link":"https:\/\/www.redenoticia.com.br\/noticia\/2015\/indicador-que-mede-tendencia-de-oferta-de-emprego-cai-34-em-setembro-diz-fgv\/76039","title":{"rendered":"Indicador que mede tend\u00eancia de oferta de emprego cai 3,4% em setembro, diz FGV"},"content":{"rendered":"<p>O <strong><em>Indicador Antecedente de Emprego<\/em><\/strong> (IAEmp), que mede a tend\u00eancia de oferta de empregos em todo o pa\u00eds, recuou 3,4% em setembro, na compara\u00e7\u00e3o com agosto deste ano, informou o Instituto Brasileiro de Economia (Ibre) da Funda\u00e7\u00e3o Getulio Vargas (FGV). O indicador chegou 62 pontos, o menor n\u00edvel da s\u00e9rie desde que a pesquisa foi iniciada, em outubro de 2012.<\/p>\n<p>O resultado sinaliza continuidade da tend\u00eancia de piora do mercado de trabalho nos pr\u00f3ximos meses: quanto menor a pontua\u00e7\u00e3o em rela\u00e7\u00e3o a 100, maior \u00e9 a tend\u00eancia de queda da oferta de emprego.<\/p>\n<p>Os indicadores que mais contribu\u00edram para a forte queda do IAEmp foram os que medem a situa\u00e7\u00e3o atual dos neg\u00f3cios para os pr\u00f3ximos seis meses em dois setores: no de servi\u00e7os, com queda de 5,6%, e na ind\u00fastria, com varia\u00e7\u00f5es de -4,1%. Os dados mostram que percep\u00e7\u00e3o de neg\u00f3cios do empres\u00e1rio est\u00e1 se deteriorando, o que provoca demiss\u00f5es. Em raz\u00e3o disso, segundo a FGV, o trabalhador de menor renda est\u00e1 sendo o mais afetado, j\u00e1 que o maior contingente de trabalhadores atua na \u00e1rea de servi\u00e7os, e, em menor escala, na ind\u00fastria.<\/p>\n<p>A FGV apurou tamb\u00e9m varia\u00e7\u00e3o do Indicador Coincidente de Desemprego (ICD), que voltou a subir em setembro (3,5%), depois de recuar 1,4% em agosto. O ICD, que mostra que o desemprego deve voltar a subir nos pr\u00f3ximos meses, se baseia na percep\u00e7\u00e3o dos consumidores (e n\u00e3o das empresas) em rela\u00e7\u00e3o ao mercado de trabalho.<\/p>\n<p>Segundo o pesquisador da FGV, Rodrigo Leandro de Moura, o ICD piorou em setembro em todas as dimens\u00f5es captadas pelas sondagens, tanto da ind\u00fastria e dos servi\u00e7os quanto do lado do consumidor, \u201cindicando que a deteriora\u00e7\u00e3o da economia \u00e9 generalizada\u201d.<\/p>\n<p>De acordo com o pesquisador, \u201co ICD confirma que o desemprego deve continuar, com destaque para aqueles situados nas faixas de renda mais baixa e mais elevada\u201d.<\/p>\n<p>As classes que mais contribu\u00edram para o crescimento do ICD em setembro foram as seguintes: de um lado, os consumidores com renda at\u00e9 R$ 2.100,00, cujo \u00edndice variou 3,2%; do outro, a dos que possuem renda superior a R$ 9.600,00, com varia\u00e7\u00e3o de 5%. Segundo Leandro de Moura, a piora do mercado de trabalho que, de in\u00edcio, atingia as faixas de renda mais alta, agora est\u00e1 tomando outra dire\u00e7\u00e3o: est\u00e1 chegando \u00e0s classes de sal\u00e1rios mais baixos. Como a infla\u00e7\u00e3o est\u00e1 mais alta, esse gupo come\u00e7a a sentir mais a crise.<\/p>\n<p>O IAEmpo se baseia em resultados de sondagens feitas pela FGV em setembro nos setores da ind\u00fastria de transforma\u00e7\u00e3o, de servi\u00e7os e sondagens do consumidor nas capitais do pa\u00eds: foram ouvidos dirigentes de 1.130 ind\u00fastrias e de 2.052 empresas de servi\u00e7os. No caso do ICD, a FGV usa somente a sondagem do consumidor: foram ouvidas 2300 pessoas.<\/p>\n<p>Nielmar de Oliveira \u2013 Rep\u00f3rter da Ag\u00eancia Brasil<br \/>\nEdi\u00e7\u00e3o: Jos\u00e9 Romildo<\/p>\n","protected":false},"excerpt":{"rendered":"<p>O Indicador Antecedente de Emprego (IAEmp), que mede a tend\u00eancia de oferta de empregos em todo o pa\u00eds, recuou 3,4% em setembro, na compara\u00e7\u00e3o com agosto deste ano, informou o Instituto Brasileiro de Economia (Ibre) da Funda\u00e7\u00e3o Getulio Vargas (FGV). O indicador chegou 62 pontos, o menor n\u00edvel da s\u00e9rie desde que a pesquisa foi [&hellip;]<\/p>\n","protected":false},"author":2,"featured_media":57583,"comment_status":"open","ping_status":"closed","sticky":false,"template":"","format":"standard","meta":{"_genesis_hide_title":false,"_genesis_hide_breadcrumbs":false,"_genesis_hide_singular_image":false,"_genesis_hide_footer_widgets":false,"_genesis_custom_body_class":"","_genesis_custom_post_class":"","_genesis_layout":"","_jetpack_memberships_contains_paid_content":false,"footnotes":""},"categories":[22,7],"tags":[],"class_list":{"0":"post-76039","1":"post","2":"type-post","3":"status-publish","4":"format-standard","5":"has-post-thumbnail","7":"category-brasil","8":"category-economia","9":"entry","10":"gs-1","11":"gs-odd","12":"gs-even","13":"gs-featured-content-entry"},"jetpack_featured_media_url":"https:\/\/www.redenoticia.com.br\/noticia\/imagens\/economia-grafico.jpg","jetpack_sharing_enabled":true,"jetpack_likes_enabled":true,"_links":{"self":[{"href":"https:\/\/www.redenoticia.com.br\/noticia\/wp-json\/wp\/v2\/posts\/76039","targetHints":{"allow":["GET"]}}],"collection":[{"href":"https:\/\/www.redenoticia.com.br\/noticia\/wp-json\/wp\/v2\/posts"}],"about":[{"href":"https:\/\/www.redenoticia.com.br\/noticia\/wp-json\/wp\/v2\/types\/post"}],"author":[{"embeddable":true,"href":"https:\/\/www.redenoticia.com.br\/noticia\/wp-json\/wp\/v2\/users\/2"}],"replies":[{"embeddable":true,"href":"https:\/\/www.redenoticia.com.br\/noticia\/wp-json\/wp\/v2\/comments?post=76039"}],"version-history":[{"count":0,"href":"https:\/\/www.redenoticia.com.br\/noticia\/wp-json\/wp\/v2\/posts\/76039\/revisions"}],"wp:featuredmedia":[{"embeddable":true,"href":"https:\/\/www.redenoticia.com.br\/noticia\/wp-json\/wp\/v2\/media\/57583"}],"wp:attachment":[{"href":"https:\/\/www.redenoticia.com.br\/noticia\/wp-json\/wp\/v2\/media?parent=76039"}],"wp:term":[{"taxonomy":"category","embeddable":true,"href":"https:\/\/www.redenoticia.com.br\/noticia\/wp-json\/wp\/v2\/categories?post=76039"},{"taxonomy":"post_tag","embeddable":true,"href":"https:\/\/www.redenoticia.com.br\/noticia\/wp-json\/wp\/v2\/tags?post=76039"}],"curies":[{"name":"wp","href":"https:\/\/api.w.org\/{rel}","templated":true}]}}