{"id":76032,"date":"2015-10-06T19:34:13","date_gmt":"2015-10-06T22:34:13","guid":{"rendered":"http:\/\/www.redenoticia.com.br\/noticia\/?p=76032"},"modified":"2015-10-06T19:34:13","modified_gmt":"2015-10-06T22:34:13","slug":"governo-de-sp-lanca-programa-de-apoio-as-exportacoes-paulistas","status":"publish","type":"post","link":"https:\/\/www.redenoticia.com.br\/noticia\/2015\/governo-de-sp-lanca-programa-de-apoio-as-exportacoes-paulistas\/76032","title":{"rendered":"Governo de SP lan\u00e7a programa de apoio \u00e0s exporta\u00e7\u00f5es paulistas"},"content":{"rendered":"<p>Com o objetivo de aumentar o volume de exporta\u00e7\u00f5es no Estado de S\u00e3o Paulo, o governador Geraldo Alckmin assinou o Programa Paulista de Apoio \u00e0s Exporta\u00e7\u00f5es, o <strong><em>SP Export<\/em><\/strong>. A iniciativa \u00e9 uma parceria da Secretaria de Desenvolvimento Econ\u00f4mico, Ci\u00eancia, Tecnologia e Inova\u00e7\u00e3o (SDECTI), por meio da Ag\u00eancia Investe S\u00e3o Paulo com o Minist\u00e9rio de Desenvolvimento, Ind\u00fastria e Com\u00e9rcio Exterior (MDIC), para inser\u00e7\u00e3o do Estado no Plano Nacional de Cultura Exportadora (PNCE).<\/p>\n<p>Outro conv\u00eanio firmado foi com a Ag\u00eancia Brasileira de Promo\u00e7\u00e3o de Exporta\u00e7\u00f5es e Investimentos (Apex-Brasil), de apoio ao Programa.<\/p>\n<p>&#8220;Vejo que a exporta\u00e7\u00e3o, ao lado da infraestrutura e log\u00edstica, \u00e9 o que mais rapidamente pode ajudar a segurar e a gerar novos empregos no Brasil&#8221;, disse o governador Geraldo Alckmin.<\/p>\n<p>O SP Export busca incentivar a cultura de exporta\u00e7\u00e3o no meio empresarial e ajudar as empresas paulistas a encontrarem mercados estrangeiros para seus produtos e servi\u00e7os. Al\u00e9m disso, a iniciativa facilita a vinda de compradores internacionais para conhecerem o mercado paulista.<\/p>\n<p>Segundo o vice-governador e secret\u00e1rio de Desenvolvimento Econ\u00f4mico, Ci\u00eancia, Tecnologia e Inova\u00e7\u00e3o, M\u00e1rcio Fran\u00e7a, a exporta\u00e7\u00e3o movimenta a economia paulista, gera empregos e incentiva a inova\u00e7\u00e3o. \u201cNesse momento que o pa\u00eds atravessa, a exporta\u00e7\u00e3o deve ser foco dos nossos esfor\u00e7os para alavancar a ind\u00fastria, a agropecu\u00e1ria e o setor de servi\u00e7os\u201d, ressaltou.<\/p>\n<p>A\u00e7\u00f5es do SP Export<br \/>\nSer\u00e3o realizados semin\u00e1rios em diversas regi\u00f5es do Estado em parcerias com associa\u00e7\u00f5es comerciais, entidades setoriais, prefeituras e outras institui\u00e7\u00f5es para mostrar a import\u00e2ncia da cultura exportadora.<\/p>\n<p>Tamb\u00e9m ser\u00e3o capacitadas as empresas para ingressarem no mercado internacional, visando o aumento das exporta\u00e7\u00f5es das empresas paulistas que j\u00e1 exportam ou \u00e0quelas que t\u00eam a inten\u00e7\u00e3o de conquistar mercados no exterior. Estas ser\u00e3o atendidas pelo Programa.<\/p>\n<p>O projeto contemplar\u00e1 ainda a cria\u00e7\u00e3o de uma plataforma on-line com conte\u00fado informativo para ajudar o empreendedor a internacionalizar seus produtos e servi\u00e7os, al\u00e9m da promo\u00e7\u00e3o de miss\u00f5es internacionais com empres\u00e1rios paulistas e participa\u00e7\u00f5es em feiras e eventos fora do Brasil.<\/p>\n<p>A meta \u00e9 realizar 10 mil atendimentos at\u00e9 2017, tanto em semin\u00e1rios quanto em consultorias direcionadas.<\/p>\n<p>Do Portal do Governo do Estado SP<\/p>\n","protected":false},"excerpt":{"rendered":"<p>Com o objetivo de aumentar o volume de exporta\u00e7\u00f5es no Estado de S\u00e3o Paulo, o governador Geraldo Alckmin assinou o Programa Paulista de Apoio \u00e0s Exporta\u00e7\u00f5es, o SP Export. A iniciativa \u00e9 uma parceria da Secretaria de Desenvolvimento Econ\u00f4mico, Ci\u00eancia, Tecnologia e Inova\u00e7\u00e3o (SDECTI), por meio da Ag\u00eancia Investe S\u00e3o Paulo com o Minist\u00e9rio de [&hellip;]<\/p>\n","protected":false},"author":2,"featured_media":57585,"comment_status":"open","ping_status":"closed","sticky":false,"template":"","format":"standard","meta":{"_genesis_hide_title":false,"_genesis_hide_breadcrumbs":false,"_genesis_hide_singular_image":false,"_genesis_hide_footer_widgets":false,"_genesis_custom_body_class":"","_genesis_custom_post_class":"","_genesis_layout":"","_jetpack_memberships_contains_paid_content":false,"footnotes":""},"categories":[22,7],"tags":[],"class_list":{"0":"post-76032","1":"post","2":"type-post","3":"status-publish","4":"format-standard","5":"has-post-thumbnail","7":"category-brasil","8":"category-economia","9":"entry","10":"gs-1","11":"gs-odd","12":"gs-even","13":"gs-featured-content-entry"},"jetpack_featured_media_url":"https:\/\/www.redenoticia.com.br\/noticia\/imagens\/analise-economia.jpg","jetpack_sharing_enabled":true,"jetpack_likes_enabled":true,"_links":{"self":[{"href":"https:\/\/www.redenoticia.com.br\/noticia\/wp-json\/wp\/v2\/posts\/76032","targetHints":{"allow":["GET"]}}],"collection":[{"href":"https:\/\/www.redenoticia.com.br\/noticia\/wp-json\/wp\/v2\/posts"}],"about":[{"href":"https:\/\/www.redenoticia.com.br\/noticia\/wp-json\/wp\/v2\/types\/post"}],"author":[{"embeddable":true,"href":"https:\/\/www.redenoticia.com.br\/noticia\/wp-json\/wp\/v2\/users\/2"}],"replies":[{"embeddable":true,"href":"https:\/\/www.redenoticia.com.br\/noticia\/wp-json\/wp\/v2\/comments?post=76032"}],"version-history":[{"count":0,"href":"https:\/\/www.redenoticia.com.br\/noticia\/wp-json\/wp\/v2\/posts\/76032\/revisions"}],"wp:featuredmedia":[{"embeddable":true,"href":"https:\/\/www.redenoticia.com.br\/noticia\/wp-json\/wp\/v2\/media\/57585"}],"wp:attachment":[{"href":"https:\/\/www.redenoticia.com.br\/noticia\/wp-json\/wp\/v2\/media?parent=76032"}],"wp:term":[{"taxonomy":"category","embeddable":true,"href":"https:\/\/www.redenoticia.com.br\/noticia\/wp-json\/wp\/v2\/categories?post=76032"},{"taxonomy":"post_tag","embeddable":true,"href":"https:\/\/www.redenoticia.com.br\/noticia\/wp-json\/wp\/v2\/tags?post=76032"}],"curies":[{"name":"wp","href":"https:\/\/api.w.org\/{rel}","templated":true}]}}